{"id":133907,"date":"2021-11-24T14:18:02","date_gmt":"2021-11-24T19:18:02","guid":{"rendered":"https:\/\/linitiative.ca\/International\/burkina-la-connexion-mobile-suspendue\/"},"modified":"2021-11-24T14:18:02","modified_gmt":"2021-11-24T19:18:02","slug":"burkina-la-connexion-mobile-suspendue","status":"publish","type":"post","link":"https:\/\/linitiative.ca\/International\/burkina-la-connexion-mobile-suspendue\/","title":{"rendered":"Burkina : la connexion mobile suspendue"},"content":{"rendered":"<div>\n<p><img loading=\"lazy\" decoding=\"async\" width=\"707\" height=\"389\" src=\"https:\/\/linitiative.ca\/International\/wp-content\/uploads\/sites\/23\/2021\/11\/16377814825908.jpg\" class=\"attachment-post-thumbnail size-post-thumbnail wp-post-image\" alt=\"\" srcset=\"https:\/\/linitiative.ca\/International\/wp-content\/uploads\/sites\/23\/2021\/11\/16377814825908.jpg 707w, https:\/\/www.journalducameroun.com\/wp-content\/uploads\/2021\/11\/16377814825908-300x165.jpg 300w, https:\/\/www.journalducameroun.com\/wp-content\/uploads\/2021\/11\/16377814825908-600x330.jpg 600w\" sizes=\"auto, (max-width: 707px) 100vw, 707px\"><\/p>\n<p>La connexion mobile est suspendue au Burkina Faso pour des \u00ab imp\u00e9ratifs de d\u00e9fense nationale \u00bb et de \u00ab s\u00e9curit\u00e9 publique \u00bb annonce le gouvernement.Dans un communiqu\u00e9, le gouvernement annonce avoir suspendu la connexion mobile pour 96 heures \u00e0 compter du 20 novembre 2021, pour des \u00ab\u00a0imp\u00e9ratifs de d\u00e9fense nationale \u00bb et de \u00ab s\u00e9curit\u00e9 publique \u00bb.<\/p>\n<p>Cette suspension n&rsquo;est pas du go\u00fbt des usagers qui tentent de mettre la pression sur l&rsquo;Etat pour obtenir la lev\u00e9e de la mesure. Elle intervient dans un contexte politique marqu\u00e9 par des manifestations contre le r\u00e9gime de Roch Marc Christian Kabor\u00e9 et la recrudescence des attaques terroristes.<\/p>\n<p>Dans ce sillage, des jeunes burkinab\u00e9 se sont oppos\u00e9s dans plusieurs localit\u00e9s du Burkina Faso au passage d&rsquo;un convoi militaire fran\u00e7ais ayant quitt\u00e9 la C\u00f4te d&rsquo;Ivoire pour le Niger.<\/p>\n<p>Cet article <a rel=\"nofollow\" href=\"https:\/\/www.journalducameroun.com\/burkina-la-connexion-mobile-suspendue\/\">Burkina : la connexion mobile suspendue<\/a> est apparu en premier sur <a rel=\"nofollow\" href=\"https:\/\/www.journalducameroun.com\/\">Journal du Cameroun<\/a>.<\/p>\n<\/div>\n<p>Auteur: APA News<br \/>\n<a href=\"https:\/\/www.journalducameroun.com\/burkina-la-connexion-mobile-suspendue\/\">Cliquez ici pour lire l&rsquo;article depuis sa source.<\/a><\/p>\n","protected":false},"excerpt":{"rendered":"<p>La connexion mobile est suspendue au Burkina Faso pour des \u00ab imp\u00e9ratifs de d\u00e9fense nationale \u00bb et de \u00ab s\u00e9curit\u00e9 publique \u00bb annonce le gouvernement.Dans un communiqu\u00e9, le gouvernement annonce avoir suspendu la connexion mobile pour 96 heures \u00e0 compter du 20 novembre 2021, pour des \u00ab\u00a0imp\u00e9ratifs de d\u00e9fense nationale \u00bb et de \u00ab s\u00e9curit\u00e9 [&hellip;]<\/p>\n","protected":false},"author":1965,"featured_media":0,"comment_status":"closed","ping_status":"closed","sticky":false,"template":"","format":"standard","meta":{"fifu_image_url":"https:\/\/www.journalducameroun.com\/wp-content\/uploads\/2021\/11\/16377814825908.jpg","fifu_image_alt":"Burkina : la connexion mobile suspendue","footnotes":""},"categories":[73,82],"tags":[],"class_list":["post-133907","post","type-post","status-publish","format-standard","hentry","category-actualite","category-cameroun"],"_links":{"self":[{"href":"https:\/\/linitiative.ca\/International\/wp-json\/wp\/v2\/posts\/133907","targetHints":{"allow":["GET"]}}],"collection":[{"href":"https:\/\/linitiative.ca\/International\/wp-json\/wp\/v2\/posts"}],"about":[{"href":"https:\/\/linitiative.ca\/International\/wp-json\/wp\/v2\/types\/post"}],"author":[{"embeddable":true,"href":"https:\/\/linitiative.ca\/International\/wp-json\/wp\/v2\/users\/1965"}],"replies":[{"embeddable":true,"href":"https:\/\/linitiative.ca\/International\/wp-json\/wp\/v2\/comments?post=133907"}],"version-history":[{"count":0,"href":"https:\/\/linitiative.ca\/International\/wp-json\/wp\/v2\/posts\/133907\/revisions"}],"wp:attachment":[{"href":"https:\/\/linitiative.ca\/International\/wp-json\/wp\/v2\/media?parent=133907"}],"wp:term":[{"taxonomy":"category","embeddable":true,"href":"https:\/\/linitiative.ca\/International\/wp-json\/wp\/v2\/categories?post=133907"},{"taxonomy":"post_tag","embeddable":true,"href":"https:\/\/linitiative.ca\/International\/wp-json\/wp\/v2\/tags?post=133907"}],"curies":[{"name":"wp","href":"https:\/\/api.w.org\/{rel}","templated":true}]}}