{"id":133911,"date":"2021-11-24T17:18:02","date_gmt":"2021-11-24T22:18:02","guid":{"rendered":"https:\/\/linitiative.ca\/International\/maroc-la-bad-mobilise-120-millions-deuros-pour-soutenir-les-entrepreneurs-les-tpme-et-stimuler-la-relance\/"},"modified":"2021-11-24T17:18:02","modified_gmt":"2021-11-24T22:18:02","slug":"maroc-la-bad-mobilise-120-millions-deuros-pour-soutenir-les-entrepreneurs-les-tpme-et-stimuler-la-relance","status":"publish","type":"post","link":"https:\/\/linitiative.ca\/International\/maroc-la-bad-mobilise-120-millions-deuros-pour-soutenir-les-entrepreneurs-les-tpme-et-stimuler-la-relance\/","title":{"rendered":"Maroc : La BAD mobilise 120 millions d\u2019euros pour soutenir les entrepreneurs, les TPME et stimuler la relance"},"content":{"rendered":"<div>\n<p><img loading=\"lazy\" decoding=\"async\" width=\"303\" height=\"166\" src=\"https:\/\/linitiative.ca\/International\/wp-content\/uploads\/sites\/23\/2021\/11\/16377922822244.jpg\" class=\"attachment-post-thumbnail size-post-thumbnail wp-post-image\" alt=\"\" srcset=\"https:\/\/linitiative.ca\/International\/wp-content\/uploads\/sites\/23\/2021\/11\/16377922822244.jpg 303w, https:\/\/www.journalducameroun.com\/wp-content\/uploads\/2021\/11\/16377922822244-300x164.jpg 300w\" sizes=\"auto, (max-width: 303px) 100vw, 303px\"><\/p>\n<p>Le Conseil d&rsquo;administration du Groupe de la Banque africaine de d\u00e9veloppement a approuv\u00e9, mercredi \u00e0 Abidjan, un pr\u00eat de 120 millions d&rsquo;euros en faveur du Maroc pour mettre en \u0153uvre le Programme d&rsquo;appui \u00e0 l&rsquo;inclusion financi\u00e8re, \u00e0 l&rsquo;entreprenariat et aux tr\u00e8s petites et moyennes entreprises.L&rsquo;appui de la Banque aidera les entreprises en difficult\u00e9 \u00e0 relancer leur activit\u00e9 et \u00e0 pr\u00e9server les emplois dans le but de r\u00e9ussir la sortie de crise li\u00e9e \u00e0 la pand\u00e9mie de Covid-19, indique un communiqu\u00e9 de la BAD parvenu \u00e0 APA.<\/p>\n<p>\u00ab Relancer et inclure. C&rsquo;est la poursuite de cette double priorit\u00e9 qui permettra de redynamiser l&rsquo;activit\u00e9, de prot\u00e9ger les emplois et de retrouver la croissance, a affirm\u00e9 Achraf Hassan Tarsim, responsable-pays de la Banque africaine de d\u00e9veloppement pour le Maroc. \u00ab Nous le faisons aux c\u00f4t\u00e9s des jeunes et des femmes entrepreneurs et des TPME qui jouent un r\u00f4le incontournable dans la dynamique de relance avec plus de 70% des emplois cr\u00e9\u00e9s. \u00bb, a-t-il ajout\u00e9.<\/p>\n<p>Le programme appuiera les r\u00e9formes en mati\u00e8re d&rsquo;inclusion financi\u00e8re afin de faciliter l&rsquo;acc\u00e8s au financement pour les m\u00e9nages et les tr\u00e8s petites et moyennes entreprises (TPME). Il contribuera aussi \u00e0 diversifier les sources de financement qui leur sont offertes en renfor\u00e7ant le caract\u00e8re inclusif du march\u00e9 des capitaux.<\/p>\n<p>Pour sa part, Stefan Nalletamby, directeur du D\u00e9partement du d\u00e9veloppement du secteur financier \u00e0 la BAD a soulign\u00e9 que la Banque va poursuivre deux grandes priorit\u00e9s : diversifier l&rsquo;offre de financement \u00e0 destination des TPME et approfondir les march\u00e9s financiers gr\u00e2ce \u00e0 des instruments comme la titrisation et le crowdfunding.<\/p>\n<p>Le programme permettra de renforcer le dispositif de soutien aux entrepreneurs, aux start-up et aux TPME. Il soutiendra \u00e9galement l&rsquo;\u00e9cosyst\u00e8me d&rsquo;appui \u00e0 l&rsquo;entrepreneuriat et contribuera \u00e0 am\u00e9liorer le climat des affaires \u00e0 travers la simplification des proc\u00e9dures administratives.<\/p>\n<p>Le projet est en ad\u00e9quation avec deux des cinq grandes priorit\u00e9s, les \u00ab High 5 \u00bb, de la Banque africaine de d\u00e9veloppement : \u00ab am\u00e9liorer la qualit\u00e9 de vie des populations en Afrique \u00bb et \u00ab industrialiser l&rsquo;Afrique \u00bb. Il s&rsquo;inscrit aussi dans le cadre de la Strat\u00e9gie d\u00e9cennale 2013-2022 de la Banque, dont l&rsquo;objectif est d&rsquo;asseoir les conditions d&rsquo;une croissance durable et inclusive sur le continent.<\/p>\n<p>Depuis plus d&rsquo;un demi-si\u00e8cle, l&rsquo;engagement du Groupe de la Banque africaine de d\u00e9veloppement au Maroc s&rsquo;\u00e9l\u00e8ve \u00e0 plus de 12 milliards de dollars. Ses interventions couvrent les secteurs de la sant\u00e9, de l&rsquo;\u00e9nergie, de l&rsquo;eau, des transports, du d\u00e9veloppement humain, de l&rsquo;agriculture et du secteur financier.<\/p>\n<p>Cet article <a rel=\"nofollow\" href=\"https:\/\/www.journalducameroun.com\/maroc-la-bad-mobilise-120-millions-deuros-pour-soutenir-les-entrepreneurs-les-tpme-et-stimuler-la-relance\/\">Maroc : La BAD mobilise 120 millions d\u2019euros pour soutenir les entrepreneurs, les TPME et stimuler la relance<\/a> est apparu en premier sur <a rel=\"nofollow\" href=\"https:\/\/www.journalducameroun.com\/\">Journal du Cameroun<\/a>.<\/p>\n<\/div>\n<p>Auteur: APA News<br \/>\n<a href=\"https:\/\/www.journalducameroun.com\/maroc-la-bad-mobilise-120-millions-deuros-pour-soutenir-les-entrepreneurs-les-tpme-et-stimuler-la-relance\/\">Cliquez ici pour lire l&rsquo;article depuis sa source.<\/a><\/p>\n","protected":false},"excerpt":{"rendered":"<p>Le Conseil d&rsquo;administration du Groupe de la Banque africaine de d\u00e9veloppement a approuv\u00e9, mercredi \u00e0 Abidjan, un pr\u00eat de 120 millions d&rsquo;euros en faveur du Maroc pour mettre en \u0153uvre le Programme d&rsquo;appui \u00e0 l&rsquo;inclusion financi\u00e8re, \u00e0 l&rsquo;entreprenariat et aux tr\u00e8s petites et moyennes entreprises.L&rsquo;appui de la Banque aidera les entreprises en difficult\u00e9 \u00e0 relancer [&hellip;]<\/p>\n","protected":false},"author":1965,"featured_media":0,"comment_status":"closed","ping_status":"closed","sticky":false,"template":"","format":"standard","meta":{"fifu_image_url":"https:\/\/www.journalducameroun.com\/wp-content\/uploads\/2021\/11\/16377922822244.jpg","fifu_image_alt":"Maroc : La BAD mobilise 120 millions d\u2019euros pour soutenir les entrepreneurs, les TPME et stimuler la relance","footnotes":""},"categories":[73,82],"tags":[],"class_list":["post-133911","post","type-post","status-publish","format-standard","hentry","category-actualite","category-cameroun"],"_links":{"self":[{"href":"https:\/\/linitiative.ca\/International\/wp-json\/wp\/v2\/posts\/133911","targetHints":{"allow":["GET"]}}],"collection":[{"href":"https:\/\/linitiative.ca\/International\/wp-json\/wp\/v2\/posts"}],"about":[{"href":"https:\/\/linitiative.ca\/International\/wp-json\/wp\/v2\/types\/post"}],"author":[{"embeddable":true,"href":"https:\/\/linitiative.ca\/International\/wp-json\/wp\/v2\/users\/1965"}],"replies":[{"embeddable":true,"href":"https:\/\/linitiative.ca\/International\/wp-json\/wp\/v2\/comments?post=133911"}],"version-history":[{"count":0,"href":"https:\/\/linitiative.ca\/International\/wp-json\/wp\/v2\/posts\/133911\/revisions"}],"wp:attachment":[{"href":"https:\/\/linitiative.ca\/International\/wp-json\/wp\/v2\/media?parent=133911"}],"wp:term":[{"taxonomy":"category","embeddable":true,"href":"https:\/\/linitiative.ca\/International\/wp-json\/wp\/v2\/categories?post=133911"},{"taxonomy":"post_tag","embeddable":true,"href":"https:\/\/linitiative.ca\/International\/wp-json\/wp\/v2\/tags?post=133911"}],"curies":[{"name":"wp","href":"https:\/\/api.w.org\/{rel}","templated":true}]}}