{"id":133913,"date":"2021-11-24T17:18:02","date_gmt":"2021-11-24T22:18:02","guid":{"rendered":"https:\/\/linitiative.ca\/International\/le-maroc-et-israel-signent-un-memorandum-dentente-dans-le-domaine-de-la-defense\/"},"modified":"2021-11-24T17:18:02","modified_gmt":"2021-11-24T22:18:02","slug":"le-maroc-et-israel-signent-un-memorandum-dentente-dans-le-domaine-de-la-defense","status":"publish","type":"post","link":"https:\/\/linitiative.ca\/International\/le-maroc-et-israel-signent-un-memorandum-dentente-dans-le-domaine-de-la-defense\/","title":{"rendered":"Le Maroc et Isra\u00ebl signent un m\u00e9morandum d\u2019entente dans le domaine de la d\u00e9fense"},"content":{"rendered":"<div>\n<p><img loading=\"lazy\" decoding=\"async\" width=\"4096\" height=\"2278\" src=\"https:\/\/linitiative.ca\/International\/wp-content\/uploads\/sites\/23\/2021\/11\/16377922826041.jpg\" class=\"attachment-post-thumbnail size-post-thumbnail wp-post-image\" alt=\"\" srcset=\"https:\/\/linitiative.ca\/International\/wp-content\/uploads\/sites\/23\/2021\/11\/16377922826041.jpg 4096w, https:\/\/www.journalducameroun.com\/wp-content\/uploads\/2021\/11\/16377922826041-300x167.jpg 300w, https:\/\/www.journalducameroun.com\/wp-content\/uploads\/2021\/11\/16377922826041-768x427.jpg 768w, https:\/\/www.journalducameroun.com\/wp-content\/uploads\/2021\/11\/16377922826041-1024x570.jpg 1024w, https:\/\/www.journalducameroun.com\/wp-content\/uploads\/2021\/11\/16377922826041-160x90.jpg 160w, https:\/\/www.journalducameroun.com\/wp-content\/uploads\/2021\/11\/16377922826041-791x440.jpg 791w, https:\/\/www.journalducameroun.com\/wp-content\/uploads\/2021\/11\/16377922826041-600x334.jpg 600w\" sizes=\"auto, (max-width: 4096px) 100vw, 4096px\"><\/p>\n<p>Le Maroc et l&rsquo;Etat d&rsquo;Isra\u00ebl ont sign\u00e9, mercredi \u00e0 Rabat, un m\u00e9morandum d&rsquo;entente (MoU) dans le domaine de la d\u00e9fense couvrant les \u00e9changes d&rsquo;exp\u00e9riences et d&rsquo;expertise, le transfert technologique, les formations ainsi que la coop\u00e9ration dans le domaine de l&rsquo;industrie de d\u00e9fense.La signature de ce MoU a eu lieu \u00e0 l&rsquo;issue d&rsquo;une rencontre entre le vice-Premier ministre isra\u00e9lien, ministre de la D\u00e9fense, Benjamin Gantz et le ministre d\u00e9l\u00e9gu\u00e9 aupr\u00e8s du Chef du gouvernement marocain, charg\u00e9 de l&rsquo;Administration de la d\u00e9fense nationale, Abdeltif Loudyi, indique un communiqu\u00e9 de l&rsquo;Etat-Major g\u00e9n\u00e9ral des Forces arm\u00e9es royales (FAR).<\/p>\n<p>A cette occasion, les deux ministres se sont f\u00e9licit\u00e9s des progr\u00e8s r\u00e9alis\u00e9s dans le domaine de la d\u00e9fense avec la conclusion d&rsquo;un accord relatif \u00e0 la protection des informations dans le domaine de la d\u00e9fense et d&rsquo;un m\u00e9morandum d&rsquo;entente de coop\u00e9ration en mati\u00e8re de cybers\u00e9curit\u00e9.<\/p>\n<p>Les deux ministres ont, par la suite, discut\u00e9 des voies et moyens de renforcement de la coop\u00e9ration militaire bilat\u00e9rale dans les domaines d&rsquo;int\u00e9r\u00eats communs et renouvel\u00e9 leur volont\u00e9 commune de consolider ces relations. Ils ont eu \u00e9galement des \u00e9changes sur des questions d&rsquo;ordre bilat\u00e9ral et r\u00e9gional.<\/p>\n<p>Apr\u00e8s sa rencontre avec son homologue marocain, le ministre s&rsquo;est entretenu avec le G\u00e9n\u00e9ral de corps d&rsquo;arm\u00e9e, Inspecteur G\u00e9n\u00e9ral des FAR et Commandant de la Zone Sud.<\/p>\n<p>Lors de cette r\u00e9union de travail, les deux responsables se sont f\u00e9licit\u00e9s de la dynamique de coop\u00e9ration entre les deux pays, porteuse d&rsquo;int\u00e9r\u00eats mutuels et augurant une collaboration prometteuse en termes d&rsquo;\u00e9change d&rsquo;expertise en particulier dans les domaines de la formation, du renforcement des capacit\u00e9s de d\u00e9fense et du transfert de technologie, conclut le communiqu\u00e9.<\/p>\n<p>La visite officielle du responsable isra\u00e9lien (23-24 novembre) s&rsquo;inscrit dans le cadre des relations de coop\u00e9ration entre le Maroc et Isra\u00ebl, qui ont enregistr\u00e9 des avanc\u00e9es notables depuis la signature sous la Pr\u00e9sidence du Roi Mohammed VI, de la d\u00e9claration tripartite (Maroc-Isra\u00ebl-USA) en d\u00e9cembre 2020, consacrant la reprise de leurs relations diplomatiques.<\/p>\n<p>Cet article <a rel=\"nofollow\" href=\"https:\/\/www.journalducameroun.com\/le-maroc-et-israel-signent-un-memorandum-dentente-dans-le-domaine-de-la-defense\/\">Le Maroc et Isra\u00ebl signent un m\u00e9morandum d\u2019entente dans le domaine de la d\u00e9fense<\/a> est apparu en premier sur <a rel=\"nofollow\" href=\"https:\/\/www.journalducameroun.com\/\">Journal du Cameroun<\/a>.<\/p>\n<\/div>\n<p>Auteur: APA News<br \/>\n<a href=\"https:\/\/www.journalducameroun.com\/le-maroc-et-israel-signent-un-memorandum-dentente-dans-le-domaine-de-la-defense\/\">Cliquez ici pour lire l&rsquo;article depuis sa source.<\/a><\/p>\n","protected":false},"excerpt":{"rendered":"<p>Le Maroc et l&rsquo;Etat d&rsquo;Isra\u00ebl ont sign\u00e9, mercredi \u00e0 Rabat, un m\u00e9morandum d&rsquo;entente (MoU) dans le domaine de la d\u00e9fense couvrant les \u00e9changes d&rsquo;exp\u00e9riences et d&rsquo;expertise, le transfert technologique, les formations ainsi que la coop\u00e9ration dans le domaine de l&rsquo;industrie de d\u00e9fense.La signature de ce MoU a eu lieu \u00e0 l&rsquo;issue d&rsquo;une rencontre entre le [&hellip;]<\/p>\n","protected":false},"author":1965,"featured_media":0,"comment_status":"closed","ping_status":"closed","sticky":false,"template":"","format":"standard","meta":{"fifu_image_url":"https:\/\/www.journalducameroun.com\/wp-content\/uploads\/2021\/11\/16377922826041.jpg","fifu_image_alt":"Le Maroc et Isra\u00ebl signent un m\u00e9morandum d\u2019entente dans le domaine de la d\u00e9fense","footnotes":""},"categories":[73,82],"tags":[],"class_list":["post-133913","post","type-post","status-publish","format-standard","hentry","category-actualite","category-cameroun"],"_links":{"self":[{"href":"https:\/\/linitiative.ca\/International\/wp-json\/wp\/v2\/posts\/133913","targetHints":{"allow":["GET"]}}],"collection":[{"href":"https:\/\/linitiative.ca\/International\/wp-json\/wp\/v2\/posts"}],"about":[{"href":"https:\/\/linitiative.ca\/International\/wp-json\/wp\/v2\/types\/post"}],"author":[{"embeddable":true,"href":"https:\/\/linitiative.ca\/International\/wp-json\/wp\/v2\/users\/1965"}],"replies":[{"embeddable":true,"href":"https:\/\/linitiative.ca\/International\/wp-json\/wp\/v2\/comments?post=133913"}],"version-history":[{"count":0,"href":"https:\/\/linitiative.ca\/International\/wp-json\/wp\/v2\/posts\/133913\/revisions"}],"wp:attachment":[{"href":"https:\/\/linitiative.ca\/International\/wp-json\/wp\/v2\/media?parent=133913"}],"wp:term":[{"taxonomy":"category","embeddable":true,"href":"https:\/\/linitiative.ca\/International\/wp-json\/wp\/v2\/categories?post=133913"},{"taxonomy":"post_tag","embeddable":true,"href":"https:\/\/linitiative.ca\/International\/wp-json\/wp\/v2\/tags?post=133913"}],"curies":[{"name":"wp","href":"https:\/\/api.w.org\/{rel}","templated":true}]}}