{"id":133918,"date":"2021-11-24T11:39:12","date_gmt":"2021-11-24T16:39:12","guid":{"rendered":"https:\/\/linitiative.ca\/International\/gwendoline-abunaw-dg-de-ecobank-cameroun-nommee-directrice-generale-du-cluster-ecobank-cemac\/"},"modified":"2021-11-24T11:39:12","modified_gmt":"2021-11-24T16:39:12","slug":"gwendoline-abunaw-dg-de-ecobank-cameroun-nommee-directrice-generale-du-cluster-ecobank-cemac","status":"publish","type":"post","link":"https:\/\/linitiative.ca\/International\/gwendoline-abunaw-dg-de-ecobank-cameroun-nommee-directrice-generale-du-cluster-ecobank-cemac\/","title":{"rendered":"Gwendoline Abunaw, DG de EcoBank Cameroun, nomm\u00e9e  Directrice g\u00e9n\u00e9rale du Cluster Ecobank Cemac"},"content":{"rendered":"<div>\n<p>Gwendoline Abunaw, Directrice g\u00e9n\u00e9rale de EcoBank Cameroun, est la nouvelle directrice g\u00e9n\u00e9rale du Cluster Ecobank Cemac\u00a0(Cameroun, Congo, Gabon, Guin\u00e9e Equatoriale, RCA, Tchad et S\u00e3o Tom\u00e9), a appris EcoMatin. D\u2019apr\u00e8s\u00a0le communiqu\u00e9 rendu public par l\u2019institution bancaire, elle sera charg\u00e9e de\u00a0superviser l\u2019ensemble des activit\u00e9s commerciales au sein du Cluster Cemac et continuera par la m\u00eame occasion de rapporter au directeur Ex\u00e9cutif de la R\u00e9gion CESA (Afrique centrale, orientale et australe). Sa longue exp\u00e9rience manag\u00e9riale partant de la relation client \u00e0 la r\u00e9glementation et aux risques, ayant occup\u00e9 diff\u00e9rentes fonctions dans diverses institutions du secteur financier\u00a0sera certaine un atout pour cette derni\u00e8re \u00e0 ce poste.<\/p>\n<p>Depuis son arriv\u00e9e au sein de la banque panafricaine, Gwendoline Abunaw n\u2019a cess\u00e9 de gravir les \u00e9chelons.\u00a0Titulaire d\u2019une licence en sciences \u00e9conomiques, Banque et Finance, de l\u2019Universit\u00e9 de Buea au Cameroun et d\u2019un MBA en Finance de la London Metropolitan University, elle rejoint Ecobank Cameroun en 2011 en tant que directrice de la Banque d\u2019Entreprise et a ensuite \u00e9t\u00e9 promue en 2014 \u00e0 la t\u00eate du segment Banque d\u2019Entreprises et d\u2019Investissement pour le cluster Cemac. En 2015, elle sera \u00a0nomm\u00e9e directrice g\u00e9n\u00e9rale adjointe de Ecobank Cameroun tout en gardant ses autres anciennes fonctions. C\u2019est\u00a0 alors en 2017, qu\u2019elle sera port\u00e9e \u00e0 la t\u00eate de Ecobank Cameroun.<\/p>\n<p>Notons que la directrice g\u00e9n\u00e9rale de Ecobank\u00a0a d\u00e9but\u00e9 sa carri\u00e8re en 1998 en tant qu\u2019analyste chez Standard Chartered Bank Cameroun, avant de rejoindre Ecobank Cameroun en 2004 en tant que Charg\u00e9e de Relations dans le D\u00e9partement commercial de l\u2019\u00e9poque. En 2005, elle a int\u00e9gr\u00e9 la direction de la Banque d\u2019affaires de Citibank Cameroun et y a atteint le rang de Vice-Pr\u00e9sidente R\u00e9sidente (RVP) avant de revenir \u00e0 Ecobank Cameroun en 2011.<\/p>\n<p>L\u2019article <a rel=\"nofollow\" href=\"https:\/\/ecomatin.net\/gwendoline-abunaw-dg-de-ecobank-cameroun-nommee-directrice-generale-du-cluster-ecobank-cemac\/\">Gwendoline Abunaw, DG de EcoBank Cameroun, nomm\u00e9e  Directrice g\u00e9n\u00e9rale du Cluster Ecobank Cemac<\/a> est apparu en premier sur <a rel=\"nofollow\" href=\"https:\/\/ecomatin.net\/\">EcoMatin<\/a>.<\/p>\n<\/div>\n<p>Auteur: Amina MALLOUM<br \/>\n<a href=\"https:\/\/ecomatin.net\/gwendoline-abunaw-dg-de-ecobank-cameroun-nommee-directrice-generale-du-cluster-ecobank-cemac\/\">Cliquez ici pour lire l&rsquo;article depuis sa source.<\/a><\/p>\n","protected":false},"excerpt":{"rendered":"<p>Gwendoline Abunaw, Directrice g\u00e9n\u00e9rale de EcoBank Cameroun, est la nouvelle directrice g\u00e9n\u00e9rale du Cluster Ecobank Cemac\u00a0(Cameroun, Congo, Gabon, Guin\u00e9e Equatoriale, RCA, Tchad et S\u00e3o Tom\u00e9), a appris EcoMatin. D\u2019apr\u00e8s\u00a0le communiqu\u00e9 rendu public par l\u2019institution bancaire, elle sera charg\u00e9e de\u00a0superviser l\u2019ensemble des activit\u00e9s commerciales au sein du Cluster Cemac et continuera par la m\u00eame occasion de [&hellip;]<\/p>\n","protected":false},"author":1969,"featured_media":0,"comment_status":"closed","ping_status":"closed","sticky":false,"template":"","format":"standard","meta":{"fifu_image_url":"","fifu_image_alt":"","footnotes":""},"categories":[82,78],"tags":[],"class_list":["post-133918","post","type-post","status-publish","format-standard","hentry","category-cameroun","category-economie"],"_links":{"self":[{"href":"https:\/\/linitiative.ca\/International\/wp-json\/wp\/v2\/posts\/133918","targetHints":{"allow":["GET"]}}],"collection":[{"href":"https:\/\/linitiative.ca\/International\/wp-json\/wp\/v2\/posts"}],"about":[{"href":"https:\/\/linitiative.ca\/International\/wp-json\/wp\/v2\/types\/post"}],"author":[{"embeddable":true,"href":"https:\/\/linitiative.ca\/International\/wp-json\/wp\/v2\/users\/1969"}],"replies":[{"embeddable":true,"href":"https:\/\/linitiative.ca\/International\/wp-json\/wp\/v2\/comments?post=133918"}],"version-history":[{"count":0,"href":"https:\/\/linitiative.ca\/International\/wp-json\/wp\/v2\/posts\/133918\/revisions"}],"wp:attachment":[{"href":"https:\/\/linitiative.ca\/International\/wp-json\/wp\/v2\/media?parent=133918"}],"wp:term":[{"taxonomy":"category","embeddable":true,"href":"https:\/\/linitiative.ca\/International\/wp-json\/wp\/v2\/categories?post=133918"},{"taxonomy":"post_tag","embeddable":true,"href":"https:\/\/linitiative.ca\/International\/wp-json\/wp\/v2\/tags?post=133918"}],"curies":[{"name":"wp","href":"https:\/\/api.w.org\/{rel}","templated":true}]}}