{"id":133919,"date":"2021-11-24T12:18:20","date_gmt":"2021-11-24T17:18:20","guid":{"rendered":"https:\/\/linitiative.ca\/International\/cooperation-lallemagne-a-investi-818-milliards-de-fcfa-au-cameroun-en-62-ans\/"},"modified":"2021-11-24T12:18:20","modified_gmt":"2021-11-24T17:18:20","slug":"cooperation-lallemagne-a-investi-818-milliards-de-fcfa-au-cameroun-en-62-ans","status":"publish","type":"post","link":"https:\/\/linitiative.ca\/International\/cooperation-lallemagne-a-investi-818-milliards-de-fcfa-au-cameroun-en-62-ans\/","title":{"rendered":"Coop\u00e9ration : l\u2019Allemagne a investi 818 milliards de Fcfa au Cameroun en 62 ans"},"content":{"rendered":"<div>\n<p>D\u00e9finir l\u2019enveloppe financi\u00e8re et les diff\u00e9rents secteurs sur lesquels vont s\u2019articuler l\u2019intervention Allemande au Cameroun, est l\u2019objectif des n\u00e9gociations intergouvernementales germano-camerounaises qui se sont tenues les 23 et 24 novembre 2021 \u00e0 Yaound\u00e9. Lesdits travaux sont co-pr\u00e9sid\u00e9s par le ministre de l\u2019Economie, de la planification et de l\u2019am\u00e9nagement du territoire (Minepat), Alamine Ousmane Mey et le Chef de la d\u00e9l\u00e9gation allemande Dr Simon Koppers, par ailleurs Chef de division Afrique centrale au minist\u00e8re f\u00e9d\u00e9ral allemand de la coop\u00e9ration \u00e9conomique et du d\u00e9veloppement.<\/p>\n<p><strong>Lire aussi<\/strong> : <a href=\"https:\/\/ecomatin.net\/cooperation-bilaterale-lallemagne-revendique-un-portefeuille-projet-de-215-milliards-de-fcfa-au-cameroun\/\"><strong>Coop\u00e9ration bilat\u00e9rale : l\u2019Allemagne revendique un portefeuille projet de 215 milliards de Fcfa au Cameroun<\/strong><\/a><\/p>\n<p>L\u2019on apprendra de cette premi\u00e8re journ\u00e9e de travail que le bilan financier de ce partenaire est \u00e9logieux. En effet \u00ab\u00a0depuis 1959 \u00e0 nos jours, le Cameroun a b\u00e9n\u00e9fici\u00e9 de financements en provenance d\u2019Allemagne \u00e0 hauteur de 1\u00a0248\u00a0767\u00a0331,71 euros, soit environ 817\u00a0942\u00a0602\u00a0270,05 Fcfa, au titre de la coop\u00e9ration bilat\u00e9rale et des fonds des projets r\u00e9gionaux et globaux, tel qu\u2019\u00a0\u00ab\u00a0un monde sans faim\u00bb\u00a0\u00bb, fait savoir le Minepat Alamine Ousmane Mey. La situation actuelle de l\u2019enveloppe financi\u00e8re allemande au Cameroun se chiffre \u00e0 329,1 millions d\u2019euros, soit 215,495 milliards de Fcfa. Une enveloppe qui est repartie entre\u00a0: le d\u00e9veloppement rural (93,5 millions d\u2019euros), la bonne gouvernance et la d\u00e9centralisation (60,8 millions d\u2019euros), l\u2019environnement et la gestion des ressources naturelles (85,5 millions d\u2019euros) et les autres axes d\u2019intervention (89,3 millions d\u2019euros). Des financements qui ont pour particularit\u00e9 d\u2019\u00eatre essentiellement constitu\u00e9s de dons.<\/p>\n<p><strong>Lire aussi<\/strong> : <strong><a href=\"https:\/\/ecomatin.net\/covid-19-lue-et-lallemagne-offrent-t-du-materiel-medical-dune-valeur-de-344-millions-de-fcfa-au-cameroun\/\">Covid-19 : l\u2019UE et l\u2019Allemagne offrent du mat\u00e9riel m\u00e9dical d\u2019une valeur de 344 millions de Fcfa au Cameroun<\/a><\/strong><\/p>\n<p>Indiquons par ailleurs que la tenue de ces n\u00e9gociations fait suite aux consultations men\u00e9es par les deux Parties en juin 2021. Etaient pr\u00e9sents \u00e0 la c\u00e9r\u00e9monie d\u2019ouverture l\u2019Ambassadrice d\u2019Allemagne au Cameroun, les ministres camerounais en charge des For\u00eats et de la faune, Jules Doret Ndongo, de l\u2019Agriculture et du d\u00e9veloppement rural, Gabriel Mba\u00efrob\u00e9, de la jeunesse et de l\u2019\u00e9ducation civique, Mounouna Foutsou, et des march\u00e9s publics, Ibrahim Talba Malla.<\/p>\n<p><strong>Lire aussi<\/strong> : <strong><a href=\"https:\/\/ecomatin.net\/lallemagne-injecte-26-milliardss-dans-le-programme-dappui-a-la-modernisation-de-letat-civil\/\" target=\"_blank\" rel=\"noreferrer noopener\">L\u2019Allemagne injecte 2,6 milliards dans le Programme d\u2019appui \u00e0 la modernisation de l\u2019Etat Civil<\/a><\/strong><\/p>\n<p>L\u2019article <a rel=\"nofollow\" href=\"https:\/\/ecomatin.net\/cooperation-lallemagne-a-investi-818-milliards-de-fcfa-au-cameroun-en-62-ans\/\">Coop\u00e9ration : l\u2019Allemagne a investi 818 milliards de Fcfa au Cameroun en 62 ans<\/a> est apparu en premier sur <a rel=\"nofollow\" href=\"https:\/\/ecomatin.net\/\">EcoMatin<\/a>.<\/p>\n<\/div>\n<p>Auteur: Cindy MBALA<br \/>\n<a href=\"https:\/\/ecomatin.net\/cooperation-lallemagne-a-investi-818-milliards-de-fcfa-au-cameroun-en-62-ans\/\">Cliquez ici pour lire l&rsquo;article depuis sa source.<\/a><\/p>\n","protected":false},"excerpt":{"rendered":"<p>D\u00e9finir l\u2019enveloppe financi\u00e8re et les diff\u00e9rents secteurs sur lesquels vont s\u2019articuler l\u2019intervention Allemande au Cameroun, est l\u2019objectif des n\u00e9gociations intergouvernementales germano-camerounaises qui se sont tenues les 23 et 24 novembre 2021 \u00e0 Yaound\u00e9. Lesdits travaux sont co-pr\u00e9sid\u00e9s par le ministre de l\u2019Economie, de la planification et de l\u2019am\u00e9nagement du territoire (Minepat), Alamine Ousmane Mey et [&hellip;]<\/p>\n","protected":false},"author":1969,"featured_media":0,"comment_status":"closed","ping_status":"closed","sticky":false,"template":"","format":"standard","meta":{"fifu_image_url":"","fifu_image_alt":"","footnotes":""},"categories":[82,78],"tags":[],"class_list":["post-133919","post","type-post","status-publish","format-standard","hentry","category-cameroun","category-economie"],"_links":{"self":[{"href":"https:\/\/linitiative.ca\/International\/wp-json\/wp\/v2\/posts\/133919","targetHints":{"allow":["GET"]}}],"collection":[{"href":"https:\/\/linitiative.ca\/International\/wp-json\/wp\/v2\/posts"}],"about":[{"href":"https:\/\/linitiative.ca\/International\/wp-json\/wp\/v2\/types\/post"}],"author":[{"embeddable":true,"href":"https:\/\/linitiative.ca\/International\/wp-json\/wp\/v2\/users\/1969"}],"replies":[{"embeddable":true,"href":"https:\/\/linitiative.ca\/International\/wp-json\/wp\/v2\/comments?post=133919"}],"version-history":[{"count":0,"href":"https:\/\/linitiative.ca\/International\/wp-json\/wp\/v2\/posts\/133919\/revisions"}],"wp:attachment":[{"href":"https:\/\/linitiative.ca\/International\/wp-json\/wp\/v2\/media?parent=133919"}],"wp:term":[{"taxonomy":"category","embeddable":true,"href":"https:\/\/linitiative.ca\/International\/wp-json\/wp\/v2\/categories?post=133919"},{"taxonomy":"post_tag","embeddable":true,"href":"https:\/\/linitiative.ca\/International\/wp-json\/wp\/v2\/tags?post=133919"}],"curies":[{"name":"wp","href":"https:\/\/api.w.org\/{rel}","templated":true}]}}