{"id":133926,"date":"2021-11-25T10:28:13","date_gmt":"2021-11-25T15:28:13","guid":{"rendered":"https:\/\/linitiative.ca\/International\/covid-19-maroc-la-situation-epidemiologique-au-25-novembre-2021-a-16h00\/"},"modified":"2021-11-25T10:28:13","modified_gmt":"2021-11-25T15:28:13","slug":"covid-19-maroc-la-situation-epidemiologique-au-25-novembre-2021-a-16h00","status":"publish","type":"post","link":"https:\/\/linitiative.ca\/International\/covid-19-maroc-la-situation-epidemiologique-au-25-novembre-2021-a-16h00\/","title":{"rendered":"Covid-19 \/ Maroc : La situation \u00e9pid\u00e9miologique au 25 Novembre 2021 \u00e0 16H00"},"content":{"rendered":"<div>\n<p><img loading=\"lazy\" decoding=\"async\" width=\"300\" height=\"153\" src=\"https:\/\/linitiative.ca\/International\/wp-content\/uploads\/sites\/23\/2021\/11\/Vaccin-Covid19-coronavirus-300x153-6.jpg\" class=\"attachment-medium size-medium wp-post-image\" alt=\"\" srcset=\"https:\/\/linitiative.ca\/International\/wp-content\/uploads\/sites\/23\/2021\/11\/Vaccin-Covid19-coronavirus-300x153-6.jpg 300w, https:\/\/aujourdhui.ma\/wp-content\/uploads\/2021\/11\/Vaccin-Covid19-coronavirus-274x140.jpg 274w, https:\/\/aujourdhui.ma\/wp-content\/uploads\/2021\/11\/Vaccin-Covid19-coronavirus.jpg 746w, https:\/\/aujourdhui.ma\/wp-content\/uploads\/2021\/11\/Vaccin-Covid19-coronavirus-165x84.jpg 165w, https:\/\/aujourdhui.ma\/wp-content\/uploads\/2021\/11\/Vaccin-Covid19-coronavirus-702x358.jpg 702w\" sizes=\"auto, (max-width: 300px) 100vw, 300px\"><\/p>\n<p><span style=\"font-size: 20px; color: #800000;\"><strong>Entre hier \u00e0 16H00 et aujourd\u2019hui \u00e0 16H00<\/strong><\/span><span id=\"more-392239\"><\/span><\/p>\n<p>15 nouveaux cas soit un cumul de 949.378 cas \u00e0 ce jour.<br \/>\n115 gu\u00e9risons soit un cumul de 931.548 \u00e0 ce jour.<br \/>\nZ\u00c9RO D\u00c9C\u00c8S donc un cumul de 14.770 \u00e0 ce jour.<\/p>\n<p><span style=\"color: #ff0000;\"><strong>Nombre de personnes vaccin\u00e9es au 25 Novembre 16H00<\/strong><\/span><\/p>\n<p>1\u00e8re dose :<strong> 24 405 128<br \/>\n<\/strong><\/p>\n<p>2\u00e8me dose :<strong> 22 613 171<\/strong><\/p>\n<p>3\u00e8me dose : <strong>1 633 289<\/strong><\/p>\n<p><a href=\"https:\/\/linitiative.ca\/International\/wp-content\/uploads\/sites\/23\/2021\/11\/coronavirus25112021-1.jpeg\"><img loading=\"lazy\" decoding=\"async\" class=\"aligncenter size-full wp-image-392244\" src=\"https:\/\/linitiative.ca\/International\/wp-content\/uploads\/sites\/23\/2021\/11\/coronavirus25112021-1.jpeg\" alt=\"\" width=\"1156\" height=\"1600\" srcset=\"https:\/\/linitiative.ca\/International\/wp-content\/uploads\/sites\/23\/2021\/11\/coronavirus25112021-1.jpeg 1156w, https:\/\/aujourdhui.ma\/wp-content\/uploads\/2021\/11\/coronavirus25112021-1-217x300.jpeg 217w, https:\/\/aujourdhui.ma\/wp-content\/uploads\/2021\/11\/coronavirus25112021-1-740x1024.jpeg 740w, https:\/\/aujourdhui.ma\/wp-content\/uploads\/2021\/11\/coronavirus25112021-1-768x1063.jpeg 768w, https:\/\/aujourdhui.ma\/wp-content\/uploads\/2021\/11\/coronavirus25112021-1-1110x1536.jpeg 1110w\" sizes=\"auto, (max-width: 1156px) 100vw, 1156px\"><\/a> <a href=\"https:\/\/linitiative.ca\/International\/wp-content\/uploads\/sites\/23\/2021\/11\/coronavirus25112021-2.jpeg\"><img loading=\"lazy\" decoding=\"async\" class=\"aligncenter size-full wp-image-392245\" src=\"https:\/\/linitiative.ca\/International\/wp-content\/uploads\/sites\/23\/2021\/11\/coronavirus25112021-2.jpeg\" alt=\"\" width=\"1170\" height=\"839\" srcset=\"https:\/\/linitiative.ca\/International\/wp-content\/uploads\/sites\/23\/2021\/11\/coronavirus25112021-2.jpeg 1170w, https:\/\/aujourdhui.ma\/wp-content\/uploads\/2021\/11\/coronavirus25112021-2-300x215.jpeg 300w, https:\/\/aujourdhui.ma\/wp-content\/uploads\/2021\/11\/coronavirus25112021-2-1024x734.jpeg 1024w, https:\/\/aujourdhui.ma\/wp-content\/uploads\/2021\/11\/coronavirus25112021-2-768x551.jpeg 768w\" sizes=\"auto, (max-width: 1170px) 100vw, 1170px\"><\/a> <a href=\"https:\/\/linitiative.ca\/International\/wp-content\/uploads\/sites\/23\/2021\/11\/coronavirus25112021-3.jpeg\"><img loading=\"lazy\" decoding=\"async\" class=\"aligncenter size-full wp-image-392246\" src=\"https:\/\/linitiative.ca\/International\/wp-content\/uploads\/sites\/23\/2021\/11\/coronavirus25112021-3.jpeg\" alt=\"\" width=\"1170\" height=\"1540\" srcset=\"https:\/\/linitiative.ca\/International\/wp-content\/uploads\/sites\/23\/2021\/11\/coronavirus25112021-3.jpeg 1170w, https:\/\/aujourdhui.ma\/wp-content\/uploads\/2021\/11\/coronavirus25112021-3-228x300.jpeg 228w, https:\/\/aujourdhui.ma\/wp-content\/uploads\/2021\/11\/coronavirus25112021-3-778x1024.jpeg 778w, https:\/\/aujourdhui.ma\/wp-content\/uploads\/2021\/11\/coronavirus25112021-3-768x1011.jpeg 768w, https:\/\/aujourdhui.ma\/wp-content\/uploads\/2021\/11\/coronavirus25112021-3-1167x1536.jpeg 1167w\" sizes=\"auto, (max-width: 1170px) 100vw, 1170px\"><\/a><\/p>\n<\/div>\n<p>Auteur: ALM<br \/>\n<a href=\"https:\/\/aujourdhui.ma\/societe\/covid-19-maroc-la-situation-epidemiologique-au-25-novembre-2021-a-16h00\">Cliquez ici pour lire l&rsquo;article depuis sa source.<\/a><\/p>\n","protected":false},"excerpt":{"rendered":"<p>Entre hier \u00e0 16H00 et aujourd\u2019hui \u00e0 16H00 15 nouveaux cas soit un cumul de 949.378 cas \u00e0 ce jour. 115 gu\u00e9risons soit un cumul de 931.548 \u00e0 ce jour. Z\u00c9RO D\u00c9C\u00c8S donc un cumul de 14.770 \u00e0 ce jour. Nombre de personnes vaccin\u00e9es au 25 Novembre 16H00 1\u00e8re dose : 24 405 128 2\u00e8me [&hellip;]<\/p>\n","protected":false},"author":1759,"featured_media":0,"comment_status":"closed","ping_status":"closed","sticky":false,"template":"","format":"standard","meta":{"fifu_image_url":"https:\/\/aujourdhui.ma\/wp-content\/uploads\/2021\/11\/Vaccin-Covid19-coronavirus-300x153.jpg","fifu_image_alt":"Covid-19 \/ Maroc : La situation \u00e9pid\u00e9miologique au 25 Novembre 2021 \u00e0 16H00","footnotes":""},"categories":[73,54],"tags":[],"class_list":["post-133926","post","type-post","status-publish","format-standard","hentry","category-actualite","category-maroc"],"_links":{"self":[{"href":"https:\/\/linitiative.ca\/International\/wp-json\/wp\/v2\/posts\/133926","targetHints":{"allow":["GET"]}}],"collection":[{"href":"https:\/\/linitiative.ca\/International\/wp-json\/wp\/v2\/posts"}],"about":[{"href":"https:\/\/linitiative.ca\/International\/wp-json\/wp\/v2\/types\/post"}],"author":[{"embeddable":true,"href":"https:\/\/linitiative.ca\/International\/wp-json\/wp\/v2\/users\/1759"}],"replies":[{"embeddable":true,"href":"https:\/\/linitiative.ca\/International\/wp-json\/wp\/v2\/comments?post=133926"}],"version-history":[{"count":0,"href":"https:\/\/linitiative.ca\/International\/wp-json\/wp\/v2\/posts\/133926\/revisions"}],"wp:attachment":[{"href":"https:\/\/linitiative.ca\/International\/wp-json\/wp\/v2\/media?parent=133926"}],"wp:term":[{"taxonomy":"category","embeddable":true,"href":"https:\/\/linitiative.ca\/International\/wp-json\/wp\/v2\/categories?post=133926"},{"taxonomy":"post_tag","embeddable":true,"href":"https:\/\/linitiative.ca\/International\/wp-json\/wp\/v2\/tags?post=133926"}],"curies":[{"name":"wp","href":"https:\/\/api.w.org\/{rel}","templated":true}]}}