{"id":133931,"date":"2021-11-25T11:19:00","date_gmt":"2021-11-25T16:19:00","guid":{"rendered":"https:\/\/linitiative.ca\/International\/covid-19-suspension-des-vols-a-destination-et-en-provenance-de-la-france-officiel\/"},"modified":"2021-11-25T11:19:00","modified_gmt":"2021-11-25T16:19:00","slug":"covid-19-suspension-des-vols-a-destination-et-en-provenance-de-la-france-officiel","status":"publish","type":"post","link":"https:\/\/linitiative.ca\/International\/covid-19-suspension-des-vols-a-destination-et-en-provenance-de-la-france-officiel\/","title":{"rendered":"Covid-19 : Suspension des vols \u00e0 destination et en provenance de la France (Officiel)"},"content":{"rendered":"<div>\n<p><img loading=\"lazy\" decoding=\"async\" width=\"300\" height=\"153\" src=\"https:\/\/linitiative.ca\/International\/wp-content\/uploads\/sites\/23\/2021\/11\/aeroport_fes_covid_tt-300x153-1.jpg\" class=\"attachment-medium size-medium wp-post-image\" alt=\"\" srcset=\"https:\/\/linitiative.ca\/International\/wp-content\/uploads\/sites\/23\/2021\/11\/aeroport_fes_covid_tt-300x153-1.jpg 300w, https:\/\/aujourdhui.ma\/wp-content\/uploads\/2020\/11\/aeroport_fes_covid_tt-274x140.jpg 274w, https:\/\/aujourdhui.ma\/wp-content\/uploads\/2020\/11\/aeroport_fes_covid_tt.jpg 746w, https:\/\/aujourdhui.ma\/wp-content\/uploads\/2020\/11\/aeroport_fes_covid_tt-165x84.jpg 165w, https:\/\/aujourdhui.ma\/wp-content\/uploads\/2020\/11\/aeroport_fes_covid_tt-702x358.jpg 702w\" sizes=\"auto, (max-width: 300px) 100vw, 300px\"><\/p>\n<p>Les autorit\u00e9s marocaines ont d\u00e9cid\u00e9 de suspendre les vols r\u00e9guliers de passagers \u00e0 destination et en provenance de la France \u00e0 partir du vendredi 26 novembre \u00e0 23h59, indique, jeudi, le Comit\u00e9 interminist\u00e9riel de coordination et de suivi du dispositif r\u00e9gissant les voyages internationaux pendant la pand\u00e9mie.<span id=\"more-392253\"><\/span><\/p>\n<p>Cette d\u00e9cision intervient afin de pr\u00e9server les acquis du Maroc en mati\u00e8re de gestion de la pand\u00e9mie de la Covid-19 et pour faire face \u00e0 la d\u00e9gradation de la situation sanitaire dans certains pays du voisinage europ\u00e9en, pr\u00e9cise le Comit\u00e9 interminist\u00e9riel dans un communiqu\u00e9.<\/p>\n<p>La suspension entrera en vigueur \u00e0 partir du 26 novembre 2021 \u00e0 23h59, et ce, jusqu\u2019\u00e0 nouvel ordre, souligne la m\u00eame source.<\/p>\n<p>\u00a0<\/p>\n<\/div>\n<p>Auteur: ALM<br \/>\n<a href=\"https:\/\/aujourdhui.ma\/societe\/covid-19-suspension-des-vols-a-destination-et-en-provenance-de-la-france-officiel\">Cliquez ici pour lire l&rsquo;article depuis sa source.<\/a><\/p>\n","protected":false},"excerpt":{"rendered":"<p>Les autorit\u00e9s marocaines ont d\u00e9cid\u00e9 de suspendre les vols r\u00e9guliers de passagers \u00e0 destination et en provenance de la France \u00e0 partir du vendredi 26 novembre \u00e0 23h59, indique, jeudi, le Comit\u00e9 interminist\u00e9riel de coordination et de suivi du dispositif r\u00e9gissant les voyages internationaux pendant la pand\u00e9mie. Cette d\u00e9cision intervient afin de pr\u00e9server les acquis [&hellip;]<\/p>\n","protected":false},"author":1759,"featured_media":0,"comment_status":"closed","ping_status":"closed","sticky":false,"template":"","format":"standard","meta":{"fifu_image_url":"https:\/\/aujourdhui.ma\/wp-content\/uploads\/2020\/11\/aeroport_fes_covid_tt-300x153.jpg","fifu_image_alt":"Covid-19 : Suspension des vols \u00e0 destination et en provenance de la France (Officiel)","footnotes":""},"categories":[73,54],"tags":[],"class_list":["post-133931","post","type-post","status-publish","format-standard","hentry","category-actualite","category-maroc"],"_links":{"self":[{"href":"https:\/\/linitiative.ca\/International\/wp-json\/wp\/v2\/posts\/133931","targetHints":{"allow":["GET"]}}],"collection":[{"href":"https:\/\/linitiative.ca\/International\/wp-json\/wp\/v2\/posts"}],"about":[{"href":"https:\/\/linitiative.ca\/International\/wp-json\/wp\/v2\/types\/post"}],"author":[{"embeddable":true,"href":"https:\/\/linitiative.ca\/International\/wp-json\/wp\/v2\/users\/1759"}],"replies":[{"embeddable":true,"href":"https:\/\/linitiative.ca\/International\/wp-json\/wp\/v2\/comments?post=133931"}],"version-history":[{"count":0,"href":"https:\/\/linitiative.ca\/International\/wp-json\/wp\/v2\/posts\/133931\/revisions"}],"wp:attachment":[{"href":"https:\/\/linitiative.ca\/International\/wp-json\/wp\/v2\/media?parent=133931"}],"wp:term":[{"taxonomy":"category","embeddable":true,"href":"https:\/\/linitiative.ca\/International\/wp-json\/wp\/v2\/categories?post=133931"},{"taxonomy":"post_tag","embeddable":true,"href":"https:\/\/linitiative.ca\/International\/wp-json\/wp\/v2\/tags?post=133931"}],"curies":[{"name":"wp","href":"https:\/\/api.w.org\/{rel}","templated":true}]}}