{"id":133933,"date":"2021-11-24T13:00:00","date_gmt":"2021-11-24T18:00:00","guid":{"rendered":"https:\/\/linitiative.ca\/International\/le-pps-souligne-que-la-reforme-de-lenseignement-requiert-un-traitement-global-et-integre\/"},"modified":"2021-11-24T13:00:00","modified_gmt":"2021-11-24T18:00:00","slug":"le-pps-souligne-que-la-reforme-de-lenseignement-requiert-un-traitement-global-et-integre","status":"publish","type":"post","link":"https:\/\/linitiative.ca\/International\/le-pps-souligne-que-la-reforme-de-lenseignement-requiert-un-traitement-global-et-integre\/","title":{"rendered":"Le PPS souligne que la r\u00e9forme de l\u2019enseignement requiert un traitement global et int\u00e9gr\u00e9"},"content":{"rendered":"<div>\n<p class=\"has-text-align-center has-vivid-cyan-blue-color has-text-color\"><strong>Communiqu\u00e9 du bureau politique<\/strong><\/p>\n<p class=\"has-black-color has-text-color\"><strong>Le bureau politique du Parti du Progr\u00e8s et du Socialisme a examin\u00e9, au cours de sa r\u00e9union p\u00e9riodique du mardi 23 novembre 2021, les r\u00e9percussions de l\u2019annonce des nouvelles conditions d\u00e9cid\u00e9es par le minist\u00e8re de l\u2019\u00e9ducation nationale pour l\u2019acc\u00e8s \u00e0 la fonction d\u2019enseignant, les r\u00e9actions n\u00e9gatives \u00e0 l\u2019\u00e9gard de cette d\u00e9cision au sein de nombreux milieux et les expressions de rejet mat\u00e9rialis\u00e9es par les diff\u00e9rentes manifestations et relay\u00e9es au sein des r\u00e9seaux sociaux.<\/strong><\/p>\n<p class=\"has-black-color has-text-color\"><strong>Dans ce cadre, le bureau politique souligne que la question de la r\u00e9forme de l\u2019enseignement, qui p\u00e9riclite depuis des d\u00e9cennies et qui constitue depuis longtemps une priorit\u00e9 nationale majeure, requiert un traitement global et int\u00e9gr\u00e9 comme le pr\u00e9voit la loi-cadre. Elle requiert aussi concertation, participation et esprit de persuasion \u00e0 l\u2019\u00e9gard de l\u2019opinion publique nationale en g\u00e9n\u00e9ral et des\u00a0couches et milieux concern\u00e9s en particulier. Elle n\u00e9cessite \u00e9galement d\u2019\u00e9viter toute approche partielle bas\u00e9e sur des mesures surprenantes ind\u00e9pendamment de leur justesse. Elle n\u00e9cessite enfin le respect de la loi ou sa modification le cas \u00e9ch\u00e9ant dans la transparence et la clart\u00e9.<\/strong><\/p>\n<p class=\"has-black-color has-text-color\"><strong>Le Parti du Progr\u00e8s et du Socialisme est profond\u00e9ment soucieux de la r\u00e9ussite de ce chantier de r\u00e9forme d\u00e9cisif, \u00e0 l\u2019instar de tous les grands chantiers de r\u00e9formes.<\/strong><\/p>\n<p class=\"has-black-color has-text-color\"><strong>C\u2019est pourquoi, il attire l\u2019attention du gouvernement qui se pr\u00e9sente, dans ses d\u00e9clarations premi\u00e8res, comme un gouvernement politique fort, sur la n\u00e9cessit\u00e9 d\u2019\u00e9valuer sagement le contexte politique sensible travers\u00e9 par notre pays et la situation \u00e9conomique et sociale difficile v\u00e9cue par de larges couches de notre peuple. Cela suppose du gouvernement un sens politique \u00e9lev\u00e9, une haute capacit\u00e9 d\u2019\u00e9valuation et la n\u00e9cessit\u00e9 d\u2019adopter des approches perspicaces dans l\u2019\u00e9coute et l\u2019interaction constructives \u00e0 l\u2019\u00e9gard de la soci\u00e9t\u00e9, \u00e0 l\u2019occasion de la prise de toute d\u00e9cision. Cela n\u00e9cessite \u00e9galement du gouvernement de ne pas c\u00e9der \u00e0 la vanit\u00e9 de penser que le fait de disposer d\u2019une large majorit\u00e9 au sein des plus importantes institutions \u00e9lues signifie n\u00e9cessairement celui de b\u00e9n\u00e9ficier d\u2019un prolongement social de soutien au sein des diff\u00e9rents milieux de la soci\u00e9t\u00e9.<\/strong><\/p>\n<p class=\"has-black-color has-text-color\"><strong>Au niveau de la vie interne du parti, le bureau politique a abord\u00e9 les rencontres de communication organis\u00e9es dans diff\u00e9rentes r\u00e9gions et provinces. Il a \u00e9galement programm\u00e9 de nouvelles rencontres similaires pour les semaines \u00e0 venir.<\/strong><\/p>\n<p>L\u2019article <a rel=\"nofollow\" href=\"http:\/\/albayane.press.ma\/le-pps-souligne-que-la-reforme-de-lenseignement-requiert-un-traitement-global-et-integre.html\">Le PPS souligne que la r\u00e9forme de l\u2019enseignement requiert un traitement global et int\u00e9gr\u00e9<\/a> est apparu en premier sur <a rel=\"nofollow\" href=\"http:\/\/albayane.press.ma\/\">ALBAYANE<\/a>.<\/p>\n<\/div>\n<p>Auteur: M&rsquo;hammed rahal<br \/>\n<a href=\"http:\/\/albayane.press.ma\/le-pps-souligne-que-la-reforme-de-lenseignement-requiert-un-traitement-global-et-integre.html\">Cliquez ici pour lire l&rsquo;article depuis sa source.<\/a><\/p>\n","protected":false},"excerpt":{"rendered":"<p>Communiqu\u00e9 du bureau politique Le bureau politique du Parti du Progr\u00e8s et du Socialisme a examin\u00e9, au cours de sa r\u00e9union p\u00e9riodique du mardi 23 novembre 2021, les r\u00e9percussions de l\u2019annonce des nouvelles conditions d\u00e9cid\u00e9es par le minist\u00e8re de l\u2019\u00e9ducation nationale pour l\u2019acc\u00e8s \u00e0 la fonction d\u2019enseignant, les r\u00e9actions n\u00e9gatives \u00e0 l\u2019\u00e9gard de cette d\u00e9cision [&hellip;]<\/p>\n","protected":false},"author":1760,"featured_media":0,"comment_status":"closed","ping_status":"closed","sticky":false,"template":"","format":"standard","meta":{"fifu_image_url":"","fifu_image_alt":"","footnotes":""},"categories":[73,54],"tags":[],"class_list":["post-133933","post","type-post","status-publish","format-standard","hentry","category-actualite","category-maroc"],"_links":{"self":[{"href":"https:\/\/linitiative.ca\/International\/wp-json\/wp\/v2\/posts\/133933","targetHints":{"allow":["GET"]}}],"collection":[{"href":"https:\/\/linitiative.ca\/International\/wp-json\/wp\/v2\/posts"}],"about":[{"href":"https:\/\/linitiative.ca\/International\/wp-json\/wp\/v2\/types\/post"}],"author":[{"embeddable":true,"href":"https:\/\/linitiative.ca\/International\/wp-json\/wp\/v2\/users\/1760"}],"replies":[{"embeddable":true,"href":"https:\/\/linitiative.ca\/International\/wp-json\/wp\/v2\/comments?post=133933"}],"version-history":[{"count":0,"href":"https:\/\/linitiative.ca\/International\/wp-json\/wp\/v2\/posts\/133933\/revisions"}],"wp:attachment":[{"href":"https:\/\/linitiative.ca\/International\/wp-json\/wp\/v2\/media?parent=133933"}],"wp:term":[{"taxonomy":"category","embeddable":true,"href":"https:\/\/linitiative.ca\/International\/wp-json\/wp\/v2\/categories?post=133933"},{"taxonomy":"post_tag","embeddable":true,"href":"https:\/\/linitiative.ca\/International\/wp-json\/wp\/v2\/tags?post=133933"}],"curies":[{"name":"wp","href":"https:\/\/api.w.org\/{rel}","templated":true}]}}