{"id":133934,"date":"2021-11-24T13:00:00","date_gmt":"2021-11-24T18:00:00","guid":{"rendered":"https:\/\/linitiative.ca\/International\/le-maroc-preside-une-reunion-preparatoire-au-caire\/"},"modified":"2021-11-24T13:00:00","modified_gmt":"2021-11-24T18:00:00","slug":"le-maroc-preside-une-reunion-preparatoire-au-caire","status":"publish","type":"post","link":"https:\/\/linitiative.ca\/International\/le-maroc-preside-une-reunion-preparatoire-au-caire\/","title":{"rendered":"Le Maroc pr\u00e9side une r\u00e9union pr\u00e9paratoire au Caire"},"content":{"rendered":"<div>\n<p class=\"has-text-align-center has-vivid-cyan-blue-color has-text-color\"><strong>6\u00e8me Forum de coop\u00e9ration russo-arabe<\/strong><\/p>\n<p class=\"has-black-color has-text-color\"><strong>L\u2019ambassadeur du Maroc au Caire et repr\u00e9sentant permanent du Royaume aupr\u00e8s de la Ligue arabe, M. Ahmed Tazi, a pr\u00e9sid\u00e9, mardi au Caire, une r\u00e9union au niveau des repr\u00e9sentants permanents aupr\u00e8s de la Ligue, consacr\u00e9e aux pr\u00e9paratifs de la 6\u00e8me session minist\u00e9rielle du Forum de Coop\u00e9ration Russo-Arabe, pr\u00e9vue les 14 et 15 d\u00e9cembre prochain \u00e0 Marrakech.<\/strong><\/p>\n<p class=\"has-black-color has-text-color\">La r\u00e9union a \u00e9t\u00e9 l\u2019occasion de passer en revue les documents qui seront pr\u00e9sent\u00e9s lors du Forum, dont notamment les projets de l\u2019ordre du jour et de la d\u00e9claration finale, ainsi que le plan d\u2019action et le programme ex\u00e9cutif, qui comprend les programmes de coop\u00e9ration communs pour la p\u00e9riode \u00e0 venir.<\/p>\n<p class=\"has-black-color has-text-color\">Le Forum de Marrakech se penchera sur les r\u00e9sultats de la 5\u00e8me session, tenue le 16 avril 2019 \u00e0 Moscou, ainsi que sur le plan d\u2019action 2019-2021, qui ambitionne de mettre en \u0153uvre les principes et les objectifs du Forum.<\/p>\n<p class=\"has-black-color has-text-color\">Il sera \u00e9galement question de traiter les questions r\u00e9gionales et internationales, notamment la question palestinienne, la crise syrienne, la question libyenne et la situation au Y\u00e9men.<\/p>\n<p class=\"has-black-color has-text-color\">De m\u00eame, le Forum sera l\u2019occasion de d\u00e9battre de questions li\u00e9es au transport maritime, l\u2019approvisionnement en \u00e9nergie, la coop\u00e9ration entre les \u00c9tats partageant les m\u00eames cours d\u2019eau, l\u2019interdiction de prolif\u00e9ration des armes nucl\u00e9aires et des armes de destruction massive, ainsi que les questions \u00e9conomiques, sociales et culturelles qui int\u00e9ressent les deux parties.<\/p>\n<p class=\"has-black-color has-text-color\">\u00c0 noter que le Forum russo-arabe est organis\u00e9 alternativement entre Moscou et une capitale arabe.<\/p>\n<p>L\u2019article <a rel=\"nofollow\" href=\"http:\/\/albayane.press.ma\/le-maroc-preside-une-reunion-preparatoire-au-caire.html\">Le Maroc pr\u00e9side une r\u00e9union pr\u00e9paratoire au Caire<\/a> est apparu en premier sur <a rel=\"nofollow\" href=\"http:\/\/albayane.press.ma\/\">ALBAYANE<\/a>.<\/p>\n<\/div>\n<p>Auteur: M&rsquo;hammed rahal<br \/>\n<a href=\"http:\/\/albayane.press.ma\/le-maroc-preside-une-reunion-preparatoire-au-caire.html\">Cliquez ici pour lire l&rsquo;article depuis sa source.<\/a><\/p>\n","protected":false},"excerpt":{"rendered":"<p>6\u00e8me Forum de coop\u00e9ration russo-arabe L\u2019ambassadeur du Maroc au Caire et repr\u00e9sentant permanent du Royaume aupr\u00e8s de la Ligue arabe, M. Ahmed Tazi, a pr\u00e9sid\u00e9, mardi au Caire, une r\u00e9union au niveau des repr\u00e9sentants permanents aupr\u00e8s de la Ligue, consacr\u00e9e aux pr\u00e9paratifs de la 6\u00e8me session minist\u00e9rielle du Forum de Coop\u00e9ration Russo-Arabe, pr\u00e9vue les 14 [&hellip;]<\/p>\n","protected":false},"author":1760,"featured_media":0,"comment_status":"closed","ping_status":"closed","sticky":false,"template":"","format":"standard","meta":{"fifu_image_url":"","fifu_image_alt":"","footnotes":""},"categories":[73,54],"tags":[],"class_list":["post-133934","post","type-post","status-publish","format-standard","hentry","category-actualite","category-maroc"],"_links":{"self":[{"href":"https:\/\/linitiative.ca\/International\/wp-json\/wp\/v2\/posts\/133934","targetHints":{"allow":["GET"]}}],"collection":[{"href":"https:\/\/linitiative.ca\/International\/wp-json\/wp\/v2\/posts"}],"about":[{"href":"https:\/\/linitiative.ca\/International\/wp-json\/wp\/v2\/types\/post"}],"author":[{"embeddable":true,"href":"https:\/\/linitiative.ca\/International\/wp-json\/wp\/v2\/users\/1760"}],"replies":[{"embeddable":true,"href":"https:\/\/linitiative.ca\/International\/wp-json\/wp\/v2\/comments?post=133934"}],"version-history":[{"count":0,"href":"https:\/\/linitiative.ca\/International\/wp-json\/wp\/v2\/posts\/133934\/revisions"}],"wp:attachment":[{"href":"https:\/\/linitiative.ca\/International\/wp-json\/wp\/v2\/media?parent=133934"}],"wp:term":[{"taxonomy":"category","embeddable":true,"href":"https:\/\/linitiative.ca\/International\/wp-json\/wp\/v2\/categories?post=133934"},{"taxonomy":"post_tag","embeddable":true,"href":"https:\/\/linitiative.ca\/International\/wp-json\/wp\/v2\/tags?post=133934"}],"curies":[{"name":"wp","href":"https:\/\/api.w.org\/{rel}","templated":true}]}}