{"id":133935,"date":"2021-11-24T13:00:00","date_gmt":"2021-11-24T18:00:00","guid":{"rendered":"https:\/\/linitiative.ca\/International\/le-parlement-marocain-prend-part-a-la-143e-assemblee\/"},"modified":"2021-11-24T13:00:00","modified_gmt":"2021-11-24T18:00:00","slug":"le-parlement-marocain-prend-part-a-la-143e-assemblee","status":"publish","type":"post","link":"https:\/\/linitiative.ca\/International\/le-parlement-marocain-prend-part-a-la-143e-assemblee\/","title":{"rendered":"Le Parlement marocain prend part \u00e0 la 143\u00e8 Assembl\u00e9e"},"content":{"rendered":"<div>\n<p class=\"has-text-align-center has-vivid-cyan-blue-color has-text-color\"><strong>Union interparlementaire<\/strong><\/p>\n<p class=\"has-black-color has-text-color\"><strong>Une d\u00e9l\u00e9gation parlementaire marocaine conduite par les pr\u00e9sidents de la Chambre des repr\u00e9sentants, Rachid Talbi Alami, et de la Chambre des conseiller, Naama Mayara, prendra part aux travaux de la 143\u00e8 Assembl\u00e9e de l\u2019Union interparlementaire (UIP), pr\u00e9vue du 26 au 30 novembre \u00e0 Madrid et ce, dans le cadre de la participation active aux fora parlementaires internationaux.<\/strong><\/p>\n<p class=\"has-black-color has-text-color\">Cette Assembl\u00e9e, qui se tiendra au si\u00e8ge du Parlement espagnol, connaitra la participation des pr\u00e9sidents des Parlements nationaux, des membres des d\u00e9l\u00e9gations des pays membres de l\u2019UIP et de repr\u00e9sentants de syndicats et d\u2019organisations parlementaires r\u00e9gionales en qualit\u00e9 d\u2019observateurs permanents, indique, mardi, un communiqu\u00e9 de la Chambre des repr\u00e9sentants.<\/p>\n<p class=\"has-black-color has-text-color\">A cette occasion, poursuit le communiqu\u00e9, la d\u00e9l\u00e9gation marocaine tiendra des r\u00e9unions de travail pour renforcer la coop\u00e9ration bilat\u00e9rale avec les Parlements des pays participants, dans le but de d\u00e9fendre les int\u00e9r\u00eats sup\u00e9rieurs du Royaume, en l\u2019occurrence la question nationale, et mettre en \u00e9vidence les avanc\u00e9es du processus du d\u00e9veloppement d\u00e9mocratique au Maroc.<\/p>\n<p class=\"has-black-color has-text-color\">Il s\u2019agit \u00e9galement d\u2019unifier et de coordonner les positions sur les questions d\u2019actualit\u00e9 et d\u2019int\u00e9r\u00eat commun et d\u2019\u00e9changer sur les moyens de concr\u00e9tiser les programmes d\u2019action et les initiatives conjointes existantes avec les unions parlementaires r\u00e9gionales, selon la m\u00eame source.<\/p>\n<p class=\"has-black-color has-text-color\">Lors de cette Assembl\u00e9e, les membres de l\u2019UIP seront invit\u00e9s \u00e0 adopter une nouvelle strat\u00e9gie de l\u2019Union interparlementaire pour la p\u00e9riode 2022-2026, qui a pour but de recentrer les priorit\u00e9s d\u2019action en mati\u00e8re de lutte contre les changements climatiques, de d\u00e9mocratie, des droits de l\u2019Homme, d\u2019\u00e9galit\u00e9 des sexes, de paix, de s\u00e9curit\u00e9 et de d\u00e9veloppement durable, conclut le communiqu\u00e9.<\/p>\n<p>L\u2019article <a rel=\"nofollow\" href=\"http:\/\/albayane.press.ma\/le-parlement-marocain-prend-part-a-la-143e-assemblee.html\">Le Parlement marocain prend part \u00e0 la 143\u00e8 Assembl\u00e9e<\/a> est apparu en premier sur <a rel=\"nofollow\" href=\"http:\/\/albayane.press.ma\/\">ALBAYANE<\/a>.<\/p>\n<\/div>\n<p>Auteur: M&rsquo;hammed rahal<br \/>\n<a href=\"http:\/\/albayane.press.ma\/le-parlement-marocain-prend-part-a-la-143e-assemblee.html\">Cliquez ici pour lire l&rsquo;article depuis sa source.<\/a><\/p>\n","protected":false},"excerpt":{"rendered":"<p>Union interparlementaire Une d\u00e9l\u00e9gation parlementaire marocaine conduite par les pr\u00e9sidents de la Chambre des repr\u00e9sentants, Rachid Talbi Alami, et de la Chambre des conseiller, Naama Mayara, prendra part aux travaux de la 143\u00e8 Assembl\u00e9e de l\u2019Union interparlementaire (UIP), pr\u00e9vue du 26 au 30 novembre \u00e0 Madrid et ce, dans le cadre de la participation active [&hellip;]<\/p>\n","protected":false},"author":1760,"featured_media":0,"comment_status":"closed","ping_status":"closed","sticky":false,"template":"","format":"standard","meta":{"fifu_image_url":"","fifu_image_alt":"","footnotes":""},"categories":[73,54],"tags":[],"class_list":["post-133935","post","type-post","status-publish","format-standard","hentry","category-actualite","category-maroc"],"_links":{"self":[{"href":"https:\/\/linitiative.ca\/International\/wp-json\/wp\/v2\/posts\/133935","targetHints":{"allow":["GET"]}}],"collection":[{"href":"https:\/\/linitiative.ca\/International\/wp-json\/wp\/v2\/posts"}],"about":[{"href":"https:\/\/linitiative.ca\/International\/wp-json\/wp\/v2\/types\/post"}],"author":[{"embeddable":true,"href":"https:\/\/linitiative.ca\/International\/wp-json\/wp\/v2\/users\/1760"}],"replies":[{"embeddable":true,"href":"https:\/\/linitiative.ca\/International\/wp-json\/wp\/v2\/comments?post=133935"}],"version-history":[{"count":0,"href":"https:\/\/linitiative.ca\/International\/wp-json\/wp\/v2\/posts\/133935\/revisions"}],"wp:attachment":[{"href":"https:\/\/linitiative.ca\/International\/wp-json\/wp\/v2\/media?parent=133935"}],"wp:term":[{"taxonomy":"category","embeddable":true,"href":"https:\/\/linitiative.ca\/International\/wp-json\/wp\/v2\/categories?post=133935"},{"taxonomy":"post_tag","embeddable":true,"href":"https:\/\/linitiative.ca\/International\/wp-json\/wp\/v2\/tags?post=133935"}],"curies":[{"name":"wp","href":"https:\/\/api.w.org\/{rel}","templated":true}]}}