{"id":133936,"date":"2021-11-24T13:00:00","date_gmt":"2021-11-24T18:00:00","guid":{"rendered":"https:\/\/linitiative.ca\/International\/la-credibilite-du-discours\/"},"modified":"2021-11-24T13:00:00","modified_gmt":"2021-11-24T18:00:00","slug":"la-credibilite-du-discours","status":"publish","type":"post","link":"https:\/\/linitiative.ca\/International\/la-credibilite-du-discours\/","title":{"rendered":"La cr\u00e9dibilit\u00e9 du discours"},"content":{"rendered":"<div>\n<p class=\"has-black-color has-text-color\"><strong>Dans ce contexte d\u2019inflation mod\u00e9r\u00e9e, pour reprendre les termes officiels, la r\u00e9gression du pouvoir d\u2019achat est manifeste.Sans crier gare les prix s\u2019envolent et la population subit.<\/strong><\/p>\n<p class=\"has-black-color has-text-color\">Comme avec le temps tout s\u2019en va, la consommation des m\u00e9nages ne peut que s\u2019essouffler. Si leur endettement par l\u2019octroi de cr\u00e9dits fait le bonheur de certains, il est clair que leur solvabilit\u00e9 devient de moins en moins garantie. Les m\u00e9nages s\u2019endettent \u00e0 l\u2019instar de l\u2019Etat qui ne soucie plus de l\u2019aggravation de la dette\u00a0;et, il est heureux que les transferts des Marocains du Monde ne fassent pas d\u00e9faut.<\/p>\n<p class=\"has-black-color has-text-color\">Plus que de cr\u00e9dits, les m\u00e9nages ont besoin de solutions pour vivre dignement et se lib\u00e9rer des contraintes qui s\u2019exercent sur eux d\u2019une mani\u00e8re ou d\u2019une autre.<\/p>\n<p class=\"has-black-color has-text-color\">Chez la tr\u00e8s grande majorit\u00e9 de la population, le ressenti est dur par l\u2019approfondissement des in\u00e9galit\u00e9s sociales qui se manifeste, les cons\u00e9quences \u00e9conomiques de la pand\u00e9mie, le ch\u00f4mage structurel des jeunes, le co\u00fbt \u00e9lev\u00e9 de l\u2019\u00e9ducation pour les plus ais\u00e9s et la grande d\u00e9tresse de l\u2019\u00e9cole publique pour les autres, la crise sanitaire qui s\u00e9vit au-del\u00e0 des r\u00e9sultats probants de la vaccination, le climat qui change et l\u2019horizon qui se r\u00e9tr\u00e9cit.<\/p>\n<p class=\"has-black-color has-text-color\">Les promesses \u00e9lectorales sonnent encore dans les oreilles et ajoutent, par leur cynisme, \u00e0 l\u2019amertume du quotidien. La mis\u00e9ricorde est plut\u00f4t attendue du ciel que du c\u00f4t\u00e9 gouvernemental. Les premi\u00e8res pluies ont raviv\u00e9 l\u2019espoir.<\/p>\n<p class=\"has-black-color has-text-color\">Il n\u2019est pas mauvais pour un ministre de vouloir mettre en \u0153uvre une proposition d\u00e9j\u00e0 \u00e9nonc\u00e9e et d\u00e9velopp\u00e9e dans le d\u00e9tail par d\u2019autres, surtout quand il s\u2019agit de combattre la pauvret\u00e9 et l\u2019exclusion d\u2019une partie de notre population. Sauf qu\u2019il ne faudrait pas se limiter \u00e0 la coquille pour faire semblant et d\u00e9laisser le v\u00e9ritable contenu porteur de changements dans la condition humaine.<\/p>\n<p class=\"has-black-color has-text-color\">Ce n\u2019est pas une affaire de copyright car il ne s\u2019agit pas d\u2019un show pour apparaitre sous son meilleur aspect. Il s\u2019agit de l\u2019inclusion \u00e9conomique par la r\u00e9alisation des grands travaux que le ministre, aussi jeune et souriant, ne peut d\u00e9voyer pour arranger son discours au lieu de lui donner corps et subsistance.<\/p>\n<p class=\"has-black-color has-text-color\">Id\u00e9e volontariste et mobilisatrice des forces de travail inemploy\u00e9es pour r\u00e9aliser des infrastructures et att\u00e9nuer les disparit\u00e9s spatiales, elle est globale et valorisante du capital humain et de son territoire.\u00a0\u00ab\u00a0Il y a mati\u00e8re \u00e0 mobiliser de l\u2019argent national et ext\u00e9rieur pour d\u00e9velopper ces grands travaux communaux. Il peut s\u2019agir de la construction de petits barrages collinaires, le d\u00e9veloppement de la petite et moyenne hydraulique et des plantations, le d\u00e9senclavement de ce qui reste des communaut\u00e9s humaines et le d\u00e9veloppement de petits ports de p\u00eache\u2026 pour cr\u00e9er justement une activit\u00e9 productive de richesses et en m\u00eame temps, r\u00e9partir de mani\u00e8re plus juste, cette richesse. Car la campagne est rest\u00e9e marginalis\u00e9e en mati\u00e8re de la richesse produite au niveau national.\u00a0\u00bb pr\u00e9cisait Moulay Ismail Alaoui dans une interview au Matin en 2009.<\/p>\n<p class=\"has-black-color has-text-color\">Cela reste valable pour le temps pr\u00e9sent, il ne manque que la volont\u00e9 politique pour affirmer la cr\u00e9dibilit\u00e9 du discours et engager l\u2019action.<\/p>\n<p class=\"has-black-color has-text-color\">De m\u00eame\u00a0; deux secteurs constituent une assise fondamentale pour le d\u00e9veloppement du Maroc d\u2019aujourd\u2019hui et de celui de demain\u00a0; celui de l\u2019\u00e9ducation et de la formation et celui de la sant\u00e9. Cela semble tellement \u00e9vident que le rappeler devient un rab\u00e2chage inutile et inhibiteur.<\/p>\n<p class=\"has-black-color has-text-color\">Dans ce cadre, la formation des ma\u00eetres est une pierre angulaire dans l\u2019\u00e9difice du syst\u00e8me \u00e9ducatif.Elle ne peut souffrir de tergiversations qui ne font que retarder la r\u00e9solution d\u2019une pr\u00e9occupation sociale de premi\u00e8re importance. L\u2019essentiel est de former \u00ab\u00a0des enseignants comp\u00e9tents au niveau des savoirs, capables de r\u00e9flexion sur leur pratique, sachant s\u2019adapter et r\u00e9agir intelligemment \u00e0 toute forme de r\u00e9action dans la classe\u00a0\u00bb et non dans la date de naissance des imp\u00e9trants \u00e0 ce noble m\u00e9tier.<\/p>\n<p class=\"has-black-color has-text-color\">D\u2019autre part, le dernier concours pour le recrutement des m\u00e9decins dans la sant\u00e9 publique montre la n\u00e9cessit\u00e9 imp\u00e9rative de revoir les conditions n\u00e9cessaires pour assurer une bonne r\u00e9partition des ressources humaines sur l\u2019ensemble du royaume afin d\u2019optimiser l\u2019offre de sant\u00e9 \u00e0 l\u2019ensemble de la population.La volont\u00e9 de promouvoir une politique sociale ne peut faire l\u2019impasse sur ce besoin indispensable au d\u00e9veloppement de la sant\u00e9 pour tous.<\/p>\n<p class=\"has-black-color has-text-color\">Etsi la concertation n\u00e9cessaire n\u2019aboutit pas \u00e0 apaiser les esprits par la r\u00e9solution des contentieux pendants du pass\u00e9 ant\u00e9rieur, la cr\u00e9dibilit\u00e9 du discours se perd aux d\u00e9pens de la r\u00e9forme exig\u00e9e par les n\u00e9cessit\u00e9s du d\u00e9veloppement et de l\u2019\u00e9mergence \u00e9conomique.<\/p>\n<p>L\u2019article <a rel=\"nofollow\" href=\"http:\/\/albayane.press.ma\/la-credibilite-du-discours.html\">La cr\u00e9dibilit\u00e9 du discours<\/a> est apparu en premier sur <a rel=\"nofollow\" href=\"http:\/\/albayane.press.ma\/\">ALBAYANE<\/a>.<\/p>\n<\/div>\n<p>Auteur: M&rsquo;hammed rahal<br \/>\n<a href=\"http:\/\/albayane.press.ma\/la-credibilite-du-discours.html\">Cliquez ici pour lire l&rsquo;article depuis sa source.<\/a><\/p>\n","protected":false},"excerpt":{"rendered":"<p>Dans ce contexte d\u2019inflation mod\u00e9r\u00e9e, pour reprendre les termes officiels, la r\u00e9gression du pouvoir d\u2019achat est manifeste.Sans crier gare les prix s\u2019envolent et la population subit. Comme avec le temps tout s\u2019en va, la consommation des m\u00e9nages ne peut que s\u2019essouffler. Si leur endettement par l\u2019octroi de cr\u00e9dits fait le bonheur de certains, il est [&hellip;]<\/p>\n","protected":false},"author":1760,"featured_media":0,"comment_status":"closed","ping_status":"closed","sticky":false,"template":"","format":"standard","meta":{"fifu_image_url":"","fifu_image_alt":"","footnotes":""},"categories":[73,54],"tags":[],"class_list":["post-133936","post","type-post","status-publish","format-standard","hentry","category-actualite","category-maroc"],"_links":{"self":[{"href":"https:\/\/linitiative.ca\/International\/wp-json\/wp\/v2\/posts\/133936","targetHints":{"allow":["GET"]}}],"collection":[{"href":"https:\/\/linitiative.ca\/International\/wp-json\/wp\/v2\/posts"}],"about":[{"href":"https:\/\/linitiative.ca\/International\/wp-json\/wp\/v2\/types\/post"}],"author":[{"embeddable":true,"href":"https:\/\/linitiative.ca\/International\/wp-json\/wp\/v2\/users\/1760"}],"replies":[{"embeddable":true,"href":"https:\/\/linitiative.ca\/International\/wp-json\/wp\/v2\/comments?post=133936"}],"version-history":[{"count":0,"href":"https:\/\/linitiative.ca\/International\/wp-json\/wp\/v2\/posts\/133936\/revisions"}],"wp:attachment":[{"href":"https:\/\/linitiative.ca\/International\/wp-json\/wp\/v2\/media?parent=133936"}],"wp:term":[{"taxonomy":"category","embeddable":true,"href":"https:\/\/linitiative.ca\/International\/wp-json\/wp\/v2\/categories?post=133936"},{"taxonomy":"post_tag","embeddable":true,"href":"https:\/\/linitiative.ca\/International\/wp-json\/wp\/v2\/tags?post=133936"}],"curies":[{"name":"wp","href":"https:\/\/api.w.org\/{rel}","templated":true}]}}