{"id":133937,"date":"2021-11-24T13:00:00","date_gmt":"2021-11-24T18:00:00","guid":{"rendered":"https:\/\/linitiative.ca\/International\/les-ratages-du-gouvernement\/"},"modified":"2021-11-24T13:00:00","modified_gmt":"2021-11-24T18:00:00","slug":"les-ratages-du-gouvernement","status":"publish","type":"post","link":"https:\/\/linitiative.ca\/International\/les-ratages-du-gouvernement\/","title":{"rendered":"Les ratages du gouvernement"},"content":{"rendered":"<div>\n<p class=\"has-black-color has-text-color\"><strong>D\u00e9cid\u00e9ment, le nouveau gouvernement semble peiner \u00e0 tenir le taureau par les cornes. A peine fut-il install\u00e9 qu\u2019il empile les d\u00e9culott\u00e9es, l\u2019une apr\u00e8s l\u2019autre, sans rel\u00e2che. En un peu plus d\u2019un mois, il en aura conc\u00e9d\u00e9 pas moins de trois fess\u00e9es dans les rues, sans pouvoir dissuader les mutineries protestataires qui s\u2019agitent \u00e0 plein r\u00e9gime. Tout d\u2019abord, le d\u00e9saveu \u00e0 propos du pass-vaccin, vivement arbor\u00e9 par les contestataires. Ensuite, la chert\u00e9 des produits de premi\u00e8re n\u00e9cessit\u00e9 dont les co\u00fbts saccagent les petites bourses. Enfin, le toll\u00e9 g\u00e9n\u00e9r\u00e9 par la note relative au plafonnement \u00e0 trente ans, aff\u00e9rent aux futurs enseignants. Il faut bien dire que toutes ces mesures sont prises \u00e0 la h\u00e2te et \u00e0 l\u2019improviste, sans concertation avec les concern\u00e9s ni sensibilisation au pr\u00e9alable. Aujourd\u2019hui, ce sont les foules d\u00e9cha\u00een\u00e9es qui inondent les art\u00e8res des villes, affront\u00e9es aux unit\u00e9s muscl\u00e9es de services d\u2019ordre, en \u00e9tat d\u2019alerte. En fait, on aura d\u00e9plor\u00e9 le climat de tension qui s\u2019instaure, sans nulle m\u00e9diation \u00e0 m\u00eame de semer les apaisements et de juguler les d\u00e9rapages. A cet \u00e9gard, l\u2019Ex\u00e9cutif n\u2019a gu\u00e8re jug\u00e9 bon d\u2019expliquer largement ses actes et de communiquer les tenants et les aboutissants de ses d\u00e9cisions pour \u00e9viter de heurter un peuple d\u00e9sempar\u00e9. Mais, il para\u00eet que la force de persuasion politique aurait \u00e9chapp\u00e9 au \u00ab\u00a0ramassis\u00a0\u00bb technocratique, \u00e0 cours d\u2019expertise aux affaires publiques. A cet effet, il importe de primer l\u2019accalmie sociale, au lieu d\u2019en faire un brasier, au risque d\u2019aller droit \u00e0 la d\u00e9rive, en ce moment crucial de crise pand\u00e9mique. Il conviendra aussi de dire que le \u00ab slogan social\u00a0\u00bb sous la tunique de laquelle se d\u00e9guise la mouture hyper lib\u00e9rale du gouvernement, serait sans doute, en passe d\u2019incendier encore davantage la place publique. Il est donc bien clair qu\u2019au rythme o\u00f9 s\u2019annoncent les rapports antagonistes entre les v\u0153ux des actuels gouvernants et les attentes des gouvern\u00e9s, les paradoxes flagrants ne font que d\u00e9voiler les intentions mises en filigrane. Vraisemblablement, \u00e0 voir la profusion des d\u00e9marches irr\u00e9fl\u00e9chies du gouvernement en si peu de temps et son incapacit\u00e9 d\u2019y rem\u00e9dier comme il se doit, on a l\u2019impression que ces bavures se feraient siennes durant son mandat. Il va sans dire que la riposte instantan\u00e9e des forces vives de la nation se devrait d\u2019\u00eatre au rendez-vous, en vue de faire face \u00e0 l\u2019atteinte des droits des citoyens. Certes, on aurait bien voulu donner plus de temps de familiarisation \u00e0 l\u2019Ex\u00e9cutif afin qu\u2019il puisse vaquer \u00e0 ses t\u00e2ches dans les conditions optimales. Cependant, les sorties hasardeuses dont il a fait preuve, au pr\u00e9lude de ses fonctions, ont incit\u00e9 \u00e0 la r\u00e9action collective de l\u2019opposition au parlement, des populations et des divers r\u00e9seaux sociaux. <\/strong><\/p>\n<p>L\u2019article <a rel=\"nofollow\" href=\"http:\/\/albayane.press.ma\/les-ratages-du-gouvernement.html\">Les ratages du gouvernement<\/a> est apparu en premier sur <a rel=\"nofollow\" href=\"http:\/\/albayane.press.ma\/\">ALBAYANE<\/a>.<\/p>\n<\/div>\n<p>Auteur: M&rsquo;hammed rahal<br \/>\n<a href=\"http:\/\/albayane.press.ma\/les-ratages-du-gouvernement.html\">Cliquez ici pour lire l&rsquo;article depuis sa source.<\/a><\/p>\n","protected":false},"excerpt":{"rendered":"<p>D\u00e9cid\u00e9ment, le nouveau gouvernement semble peiner \u00e0 tenir le taureau par les cornes. A peine fut-il install\u00e9 qu\u2019il empile les d\u00e9culott\u00e9es, l\u2019une apr\u00e8s l\u2019autre, sans rel\u00e2che. En un peu plus d\u2019un mois, il en aura conc\u00e9d\u00e9 pas moins de trois fess\u00e9es dans les rues, sans pouvoir dissuader les mutineries protestataires qui s\u2019agitent \u00e0 plein r\u00e9gime. [&hellip;]<\/p>\n","protected":false},"author":1760,"featured_media":0,"comment_status":"closed","ping_status":"closed","sticky":false,"template":"","format":"standard","meta":{"fifu_image_url":"","fifu_image_alt":"","footnotes":""},"categories":[73,54],"tags":[],"class_list":["post-133937","post","type-post","status-publish","format-standard","hentry","category-actualite","category-maroc"],"_links":{"self":[{"href":"https:\/\/linitiative.ca\/International\/wp-json\/wp\/v2\/posts\/133937","targetHints":{"allow":["GET"]}}],"collection":[{"href":"https:\/\/linitiative.ca\/International\/wp-json\/wp\/v2\/posts"}],"about":[{"href":"https:\/\/linitiative.ca\/International\/wp-json\/wp\/v2\/types\/post"}],"author":[{"embeddable":true,"href":"https:\/\/linitiative.ca\/International\/wp-json\/wp\/v2\/users\/1760"}],"replies":[{"embeddable":true,"href":"https:\/\/linitiative.ca\/International\/wp-json\/wp\/v2\/comments?post=133937"}],"version-history":[{"count":0,"href":"https:\/\/linitiative.ca\/International\/wp-json\/wp\/v2\/posts\/133937\/revisions"}],"wp:attachment":[{"href":"https:\/\/linitiative.ca\/International\/wp-json\/wp\/v2\/media?parent=133937"}],"wp:term":[{"taxonomy":"category","embeddable":true,"href":"https:\/\/linitiative.ca\/International\/wp-json\/wp\/v2\/categories?post=133937"},{"taxonomy":"post_tag","embeddable":true,"href":"https:\/\/linitiative.ca\/International\/wp-json\/wp\/v2\/tags?post=133937"}],"curies":[{"name":"wp","href":"https:\/\/api.w.org\/{rel}","templated":true}]}}