{"id":133949,"date":"2021-11-25T12:31:02","date_gmt":"2021-11-25T17:31:02","guid":{"rendered":"https:\/\/linitiative.ca\/International\/suspension-des-vols-a-destination-et-en-provenance-de-la-france\/"},"modified":"2021-11-25T12:31:02","modified_gmt":"2021-11-25T17:31:02","slug":"suspension-des-vols-a-destination-et-en-provenance-de-la-france","status":"publish","type":"post","link":"https:\/\/linitiative.ca\/International\/suspension-des-vols-a-destination-et-en-provenance-de-la-france\/","title":{"rendered":"Suspension des vols \u00e0 destination et en provenance de la France"},"content":{"rendered":"<div>\n<div style=\"margin-bottom:20px;\"><img loading=\"lazy\" decoding=\"async\" width=\"750\" height=\"430\" src=\"https:\/\/linitiative.ca\/International\/wp-content\/uploads\/sites\/23\/2021\/11\/reprise-des-vols-copier.jpg\" class=\"attachment-post-thumbnail size-post-thumbnail wp-post-image\" alt=\"\" srcset=\"https:\/\/linitiative.ca\/International\/wp-content\/uploads\/sites\/23\/2021\/11\/reprise-des-vols-copier.jpg 750w, http:\/\/www.mapmarrakech.ma\/map\/uploads\/2021\/11\/reprise-des-vols-copier-300x172.jpg 300w\" sizes=\"auto, (max-width: 750px) 100vw, 750px\"><\/div>\n<p>Cette d\u00e9cision intervient afin de pr\u00e9server les acquis du Maroc en mati\u00e8re de gestion de la pand\u00e9mie de la Covid-19 et pour faire face \u00e0 la d\u00e9gradation de la situation sanitaire dans certains pays du voisinage europ\u00e9en, pr\u00e9cise le Comit\u00e9 interminist\u00e9riel dans un communiqu\u00e9.<\/p>\n<p>La suspension entrera en vigueur \u00e0 partir du 26 novembre 2021 \u00e0 23h59, et ce, jusqu\u2019\u00e0 nouvel ordre, souligne la m\u00eame source.<\/p>\n<p>The post <a rel=\"nofollow\" href=\"http:\/\/www.mapmarrakech.ma\/fr\/suspension-des-vols-a-destination-et-en-provenance-de-la-france\/\">Suspension des vols \u00e0 destination et en provenance de la France<\/a> appeared first on <a rel=\"nofollow\" href=\"http:\/\/www.mapmarrakech.ma\/fr\">MapMarrakech<\/a>.<\/p>\n<\/div>\n<p>Auteur: Meriem IGASS<br \/>\n<a href=\"http:\/\/www.mapmarrakech.ma\/fr\/suspension-des-vols-a-destination-et-en-provenance-de-la-france\/\">Cliquez ici pour lire l&rsquo;article depuis sa source.<\/a><\/p>\n","protected":false},"excerpt":{"rendered":"<p>Cette d\u00e9cision intervient afin de pr\u00e9server les acquis du Maroc en mati\u00e8re de gestion de la pand\u00e9mie de la Covid-19 et pour faire face \u00e0 la d\u00e9gradation de la situation sanitaire dans certains pays du voisinage europ\u00e9en, pr\u00e9cise le Comit\u00e9 interminist\u00e9riel dans un communiqu\u00e9. La suspension entrera en vigueur \u00e0 partir du 26 novembre 2021 [&hellip;]<\/p>\n","protected":false},"author":1788,"featured_media":0,"comment_status":"closed","ping_status":"closed","sticky":false,"template":"","format":"standard","meta":{"fifu_image_url":"http:\/\/www.mapmarrakech.ma\/map\/uploads\/2021\/11\/reprise-des-vols-copier.jpg","fifu_image_alt":"Suspension des vols \u00e0 destination et en provenance de la France","footnotes":""},"categories":[54,76],"tags":[],"class_list":["post-133949","post","type-post","status-publish","format-standard","hentry","category-maroc","category-regions"],"_links":{"self":[{"href":"https:\/\/linitiative.ca\/International\/wp-json\/wp\/v2\/posts\/133949","targetHints":{"allow":["GET"]}}],"collection":[{"href":"https:\/\/linitiative.ca\/International\/wp-json\/wp\/v2\/posts"}],"about":[{"href":"https:\/\/linitiative.ca\/International\/wp-json\/wp\/v2\/types\/post"}],"author":[{"embeddable":true,"href":"https:\/\/linitiative.ca\/International\/wp-json\/wp\/v2\/users\/1788"}],"replies":[{"embeddable":true,"href":"https:\/\/linitiative.ca\/International\/wp-json\/wp\/v2\/comments?post=133949"}],"version-history":[{"count":0,"href":"https:\/\/linitiative.ca\/International\/wp-json\/wp\/v2\/posts\/133949\/revisions"}],"wp:attachment":[{"href":"https:\/\/linitiative.ca\/International\/wp-json\/wp\/v2\/media?parent=133949"}],"wp:term":[{"taxonomy":"category","embeddable":true,"href":"https:\/\/linitiative.ca\/International\/wp-json\/wp\/v2\/categories?post=133949"},{"taxonomy":"post_tag","embeddable":true,"href":"https:\/\/linitiative.ca\/International\/wp-json\/wp\/v2\/tags?post=133949"}],"curies":[{"name":"wp","href":"https:\/\/api.w.org\/{rel}","templated":true}]}}