{"id":133953,"date":"2021-11-25T10:48:28","date_gmt":"2021-11-25T15:48:28","guid":{"rendered":"https:\/\/linitiative.ca\/International\/province-de-guercif-inauguration-de-30-unites-denseignement-prescolaire\/"},"modified":"2021-11-25T10:48:28","modified_gmt":"2021-11-25T15:48:28","slug":"province-de-guercif-inauguration-de-30-unites-denseignement-prescolaire","status":"publish","type":"post","link":"https:\/\/linitiative.ca\/International\/province-de-guercif-inauguration-de-30-unites-denseignement-prescolaire\/","title":{"rendered":"Province de Guercif: Inauguration de 30 unit\u00e9s d\u2019enseignement pr\u00e9scolaire"},"content":{"rendered":"<div>\n<div style=\"margin-bottom:20px;\"><img loading=\"lazy\" decoding=\"async\" width=\"750\" height=\"430\" src=\"https:\/\/linitiative.ca\/International\/wp-content\/uploads\/sites\/23\/2021\/11\/Classe-denseignement-prC3A9scolaire-M750C397430-MAP-Archive.jpg\" class=\"attachment-post-thumbnail size-post-thumbnail wp-post-image\" alt=\"\" srcset=\"https:\/\/linitiative.ca\/International\/wp-content\/uploads\/sites\/23\/2021\/11\/Classe-denseignement-prC3A9scolaire-M750C397430-MAP-Archive.jpg 750w, http:\/\/www.mapoujda.ma\/map\/uploads\/2021\/11\/Classe-denseignement-pr\u00e9scolaire-M750\u00d7430-MAP-Archive-300x172.jpg 300w\" sizes=\"auto, (max-width: 750px) 100vw, 750px\"><\/div>\n<p style=\"text-align: justify;\">Trente unit\u00e9s d\u2019enseignement pr\u00e9scolaire ont \u00e9t\u00e9 inaugur\u00e9es, mercredi au niveau de la province de Guercif, dans le cadre d\u2019un projet visant la cr\u00e9ation d\u2019un total de 44 unit\u00e9s dans les diff\u00e9rentes communes relevant de cette province.<\/p>\n<p style=\"text-align: justify;\">Le gouverneur de la province de Guercif, Hassan Belmahi, accompagn\u00e9 d\u2019une d\u00e9l\u00e9gation de chefs de services ext\u00e9rieurs, \u00e9lus et plusieurs personnalit\u00e9s civiles et militaires, a donn\u00e9 le coup d\u2019envoi pour l\u2019entr\u00e9e en service de ces unit\u00e9s lors d\u2019une c\u00e9r\u00e9monie tenue \u00e0 douar Bzizat, dans la commune de Saka.<\/p>\n<p style=\"text-align: justify;\">Ces unit\u00e9s, r\u00e9alis\u00e9es dans le cadre de l\u2019Initiative nationale pour le d\u00e9veloppement humain (INDH), visent \u00e0 promouvoir l\u2019enseignement pr\u00e9scolaire et contribuer au d\u00e9veloppement de la petite enfance, notamment en milieu rural.<\/p>\n<p style=\"text-align: justify;\">Dans une d\u00e9claration \u00e0 la MAP, le chef de la Division de l\u2019action social \u00e0 la pr\u00e9fecture de la province de Guercif, Hassan Kara, a indiqu\u00e9 que la cr\u00e9ation des 44 unit\u00e9s d\u2019enseignement pr\u00e9scolaire a n\u00e9cessit\u00e9 une enveloppe de 14,4 millions de dirhams (MDH) financ\u00e9e par l\u2019INDH, dont 8,5 MDH pour les travaux de construction, 1,1 MDH pour l\u2019\u00e9quipement et une somme de 4,8 MDH d\u00e9di\u00e9e \u00e0 a gestion de ces unit\u00e9s pour une p\u00e9riode de deux ans.<\/p>\n<p style=\"text-align: justify;\">Le projet intervient conform\u00e9ment \u00e0 une convention de partenariat entre le Comit\u00e9 provincial du d\u00e9veloppement humain et la Fondation marocaine pour la promotion de l\u2019enseignement pr\u00e9scolaire (FMPS), dans le cadre de la mise en \u0153uvre du programme de l\u2019INDH relatif \u00e0 l\u2019impulsion du capital humain chez les g\u00e9n\u00e9rations montantes, particuli\u00e8rement l\u2019axe de soutien \u00e0 l\u2019enseignement pr\u00e9scolaire au titre de 2021, a-t-il pr\u00e9cis\u00e9.<\/p>\n<p style=\"text-align: justify;\">Ces nouvelles unit\u00e9s, qui b\u00e9n\u00e9ficieront \u00e0 quelque 600 enfants \u00e0 travers la province, visent \u00e0 promouvoir l\u2019enseignement pr\u00e9scolaire en tant qu\u2019\u00e9tape primordiale pour le d\u00e9veloppement des comp\u00e9tences individuelles de l\u2019enfant, impactant positivement son parcours scolaire, en particulier aupr\u00e8s des enfants de moins de 6 ans issus de familles n\u00e9cessiteuses, a soulign\u00e9 M. Kara.<\/p>\n<p style=\"text-align: justify;\">Il a aussi relev\u00e9 l\u2019importance de cette initiative pour l\u2019encouragement de la scolarisation, l\u2019am\u00e9lioration de l\u2019acc\u00e8s \u00e0 l\u2019enseignement pr\u00e9scolaire et la lutte contre la d\u00e9perdition scolaire.<\/p>\n<p style=\"text-align: justify;\">De son c\u00f4t\u00e9, Haj Ahmed, p\u00e8re d\u2019un enfant b\u00e9n\u00e9ficiaire de la nouvelle unit\u00e9 d\u2019enseignement pr\u00e9scolaire de douar Bzizat (commune de Saka), a exprim\u00e9 son soulagement pour la cr\u00e9ation de cette unit\u00e9 qui permettra \u00e0 son enfant et les autres enfants du douar de b\u00e9n\u00e9ficier d\u2019un enseignement pr\u00e9scolaire de bonne qualit\u00e9, comparable \u00e0 celui du milieu urbain et p\u00e9riurbain, en vue de d\u00e9velopper leurs comp\u00e9tences cognitives et leurs apprentissages et r\u00e9unir les conditions pour un bon parcours scolaire.<\/p>\n<p style=\"text-align: justify;\">Les 44 nouvelles unit\u00e9s scolaires, dont certaines seront inaugur\u00e9es dans les semaines prochaines, se r\u00e9partissent sur les communes de Saka (10 unit\u00e9s), Lemrija (10), Ras Leksar (7), Houara Ouled Rahhou (6), Taddart (5), Berkine (4) et Sebbab (1).<\/p>\n<p style=\"text-align: justify;\">A noter qu\u2019au titre des ann\u00e9es 2019 et 2020, un total de 40 unit\u00e9s d\u2019enseignement pr\u00e9scolaire ont \u00e9t\u00e9 inaugur\u00e9es au niveau de la province dans le cadre de l\u2019INDH, b\u00e9n\u00e9ficiant \u00e0 plus de 530 enfants.<\/p>\n<p>L\u2019article <a rel=\"nofollow\" href=\"http:\/\/www.mapoujda.ma\/fr\/province-de-guercif-inauguration-de-30-unites-denseignement-prescolaire\/\">Province de Guercif: Inauguration de 30 unit\u00e9s d\u2019enseignement pr\u00e9scolaire<\/a> est apparu en premier sur <a rel=\"nofollow\" href=\"http:\/\/www.mapoujda.ma\/fr\">MapOujda<\/a>.<\/p>\n<\/div>\n<p>Auteur: Soufiane ELAHMAR<br \/>\n<a href=\"http:\/\/www.mapoujda.ma\/fr\/province-de-guercif-inauguration-de-30-unites-denseignement-prescolaire\/\">Cliquez ici pour lire l&rsquo;article depuis sa source.<\/a><\/p>\n","protected":false},"excerpt":{"rendered":"<p>Trente unit\u00e9s d\u2019enseignement pr\u00e9scolaire ont \u00e9t\u00e9 inaugur\u00e9es, mercredi au niveau de la province de Guercif, dans le cadre d\u2019un projet visant la cr\u00e9ation d\u2019un total de 44 unit\u00e9s dans les diff\u00e9rentes communes relevant de cette province. Le gouverneur de la province de Guercif, Hassan Belmahi, accompagn\u00e9 d\u2019une d\u00e9l\u00e9gation de chefs de services ext\u00e9rieurs, \u00e9lus et [&hellip;]<\/p>\n","protected":false},"author":1788,"featured_media":0,"comment_status":"closed","ping_status":"closed","sticky":false,"template":"","format":"standard","meta":{"fifu_image_url":"http:\/\/www.mapoujda.ma\/map\/uploads\/2021\/11\/Classe-denseignement-pr\u00e9scolaire-M750\u00d7430-MAP-Archive.jpg","fifu_image_alt":"Province de Guercif: Inauguration de 30 unit\u00e9s d\u2019enseignement pr\u00e9scolaire","footnotes":""},"categories":[54,76],"tags":[],"class_list":["post-133953","post","type-post","status-publish","format-standard","hentry","category-maroc","category-regions"],"_links":{"self":[{"href":"https:\/\/linitiative.ca\/International\/wp-json\/wp\/v2\/posts\/133953","targetHints":{"allow":["GET"]}}],"collection":[{"href":"https:\/\/linitiative.ca\/International\/wp-json\/wp\/v2\/posts"}],"about":[{"href":"https:\/\/linitiative.ca\/International\/wp-json\/wp\/v2\/types\/post"}],"author":[{"embeddable":true,"href":"https:\/\/linitiative.ca\/International\/wp-json\/wp\/v2\/users\/1788"}],"replies":[{"embeddable":true,"href":"https:\/\/linitiative.ca\/International\/wp-json\/wp\/v2\/comments?post=133953"}],"version-history":[{"count":0,"href":"https:\/\/linitiative.ca\/International\/wp-json\/wp\/v2\/posts\/133953\/revisions"}],"wp:attachment":[{"href":"https:\/\/linitiative.ca\/International\/wp-json\/wp\/v2\/media?parent=133953"}],"wp:term":[{"taxonomy":"category","embeddable":true,"href":"https:\/\/linitiative.ca\/International\/wp-json\/wp\/v2\/categories?post=133953"},{"taxonomy":"post_tag","embeddable":true,"href":"https:\/\/linitiative.ca\/International\/wp-json\/wp\/v2\/tags?post=133953"}],"curies":[{"name":"wp","href":"https:\/\/api.w.org\/{rel}","templated":true}]}}