{"id":133955,"date":"2021-11-25T11:01:19","date_gmt":"2021-11-25T16:01:19","guid":{"rendered":"https:\/\/linitiative.ca\/International\/grippe-saisonniere-lancement-de-la-campagne-nationale-de-la-vaccination\/"},"modified":"2021-11-25T11:01:19","modified_gmt":"2021-11-25T16:01:19","slug":"grippe-saisonniere-lancement-de-la-campagne-nationale-de-la-vaccination","status":"publish","type":"post","link":"https:\/\/linitiative.ca\/International\/grippe-saisonniere-lancement-de-la-campagne-nationale-de-la-vaccination\/","title":{"rendered":"Grippe saisonni\u00e8re : Lancement de la campagne nationale de la vaccination"},"content":{"rendered":"<div>\n<div style=\"margin-bottom:20px;\"><img loading=\"lazy\" decoding=\"async\" width=\"750\" height=\"430\" src=\"https:\/\/linitiative.ca\/International\/wp-content\/uploads\/sites\/23\/2021\/11\/Campagne-de-vaccination-contre-la-Covid-19-750C397430-MAP-1.jpg\" class=\"attachment-post-thumbnail size-post-thumbnail wp-post-image\" alt=\"\" srcset=\"https:\/\/linitiative.ca\/International\/wp-content\/uploads\/sites\/23\/2021\/11\/Campagne-de-vaccination-contre-la-Covid-19-750C397430-MAP-1.jpg 750w, http:\/\/www.mapoujda.ma\/map\/uploads\/2021\/02\/Campagne-de-vaccination-contre-la-Covid-19-750\u00d7430-MAP-1-300x172.jpg 300w\" sizes=\"auto, (max-width: 750px) 100vw, 750px\"><\/div>\n<p style=\"text-align: justify;\">Le minist\u00e8re de la Sant\u00e9 et de la protection sociale lance la campagne nationale de pr\u00e9vention contre la grippe saisonni\u00e8re, dans l\u2019objectif de r\u00e9duire le risque des complications graves, surtout chez les personnes vuln\u00e9rables.<\/p>\n<p style=\"text-align: justify;\">Cette campagne plac\u00e9e sous slogan \u00ab\u00a0face \u00e0 la grippe, je me prot\u00e8ge\u00a0\u00bb, se poursuivra tout au long de la saison grippale, indique le minist\u00e8re dans un communiqu\u00e9.<\/p>\n<p style=\"text-align: justify;\">La grippe est une infection virale aigu\u00eb des voies respiratoires, survenant sous forme d\u2019\u00e9pid\u00e9mies saisonni\u00e8res durant l\u2019automne et l\u2019hiver. Il s\u2019agit d\u2019une maladie g\u00e9n\u00e9ralement b\u00e9nigne, pouvant n\u00e9anmoins entrainer de graves complications, voire le d\u00e9c\u00e8s, chez les personnes vuln\u00e9rables.<\/p>\n<p style=\"text-align: justify;\">Il s\u2019agit notamment des femmes enceintes, des enfants de moins de 5 ans, des personnes \u00e2g\u00e9es et\/ou souffrant de maladies chroniques. \u00ab\u00a0La vaccination demeure le meilleur moyen pour se pr\u00e9munir d\u2019une issue grave de cette infection\u00a0\u00bb, recommande le d\u00e9partement.<\/p>\n<p style=\"text-align: justify;\">Dans le contexte sanitaire in\u00e9dit de la pand\u00e9mie de Covid-19, o\u00f9 la co-circulation du virus grippal et du virus SARS-COV2 n\u2019est pas exclue, le minist\u00e8re de la Sant\u00e9 et de la protection sociale souligne \u00ab\u00a0l\u2019importance d\u2019une couverture vaccinale antigrippale \u00e9lev\u00e9e chez les personnes \u00e0 risque\u00a0\u00bb.<\/p>\n<p style=\"text-align: justify;\">Il rappelle \u00e0 cet \u00e9gard que le respect rigoureux des mesures barri\u00e8res, d\u2019hygi\u00e8ne et de distanciation physique permettent de pr\u00e9venir \u00e0 la fois la Covid-19 et la grippe.<\/p>\n<p>L\u2019article <a rel=\"nofollow\" href=\"http:\/\/www.mapoujda.ma\/fr\/lancement-de-la-campagne-nationale-de-vaccination-contre-la-grippe-saisonniere\/\">Grippe saisonni\u00e8re : Lancement de la campagne nationale de la vaccination<\/a> est apparu en premier sur <a rel=\"nofollow\" href=\"http:\/\/www.mapoujda.ma\/fr\">MapOujda<\/a>.<\/p>\n<\/div>\n<p>Auteur: Soufiane ELAHMAR<br \/>\n<a href=\"http:\/\/www.mapoujda.ma\/fr\/lancement-de-la-campagne-nationale-de-vaccination-contre-la-grippe-saisonniere\/\">Cliquez ici pour lire l&rsquo;article depuis sa source.<\/a><\/p>\n","protected":false},"excerpt":{"rendered":"<p>Le minist\u00e8re de la Sant\u00e9 et de la protection sociale lance la campagne nationale de pr\u00e9vention contre la grippe saisonni\u00e8re, dans l\u2019objectif de r\u00e9duire le risque des complications graves, surtout chez les personnes vuln\u00e9rables. Cette campagne plac\u00e9e sous slogan \u00ab\u00a0face \u00e0 la grippe, je me prot\u00e8ge\u00a0\u00bb, se poursuivra tout au long de la saison grippale, [&hellip;]<\/p>\n","protected":false},"author":1788,"featured_media":0,"comment_status":"closed","ping_status":"closed","sticky":false,"template":"","format":"standard","meta":{"fifu_image_url":"http:\/\/www.mapoujda.ma\/map\/uploads\/2021\/02\/Campagne-de-vaccination-contre-la-Covid-19-750\u00d7430-MAP-1.jpg","fifu_image_alt":"Grippe saisonni\u00e8re : Lancement de la campagne nationale de la vaccination","footnotes":""},"categories":[54,76],"tags":[],"class_list":["post-133955","post","type-post","status-publish","format-standard","hentry","category-maroc","category-regions"],"_links":{"self":[{"href":"https:\/\/linitiative.ca\/International\/wp-json\/wp\/v2\/posts\/133955","targetHints":{"allow":["GET"]}}],"collection":[{"href":"https:\/\/linitiative.ca\/International\/wp-json\/wp\/v2\/posts"}],"about":[{"href":"https:\/\/linitiative.ca\/International\/wp-json\/wp\/v2\/types\/post"}],"author":[{"embeddable":true,"href":"https:\/\/linitiative.ca\/International\/wp-json\/wp\/v2\/users\/1788"}],"replies":[{"embeddable":true,"href":"https:\/\/linitiative.ca\/International\/wp-json\/wp\/v2\/comments?post=133955"}],"version-history":[{"count":0,"href":"https:\/\/linitiative.ca\/International\/wp-json\/wp\/v2\/posts\/133955\/revisions"}],"wp:attachment":[{"href":"https:\/\/linitiative.ca\/International\/wp-json\/wp\/v2\/media?parent=133955"}],"wp:term":[{"taxonomy":"category","embeddable":true,"href":"https:\/\/linitiative.ca\/International\/wp-json\/wp\/v2\/categories?post=133955"},{"taxonomy":"post_tag","embeddable":true,"href":"https:\/\/linitiative.ca\/International\/wp-json\/wp\/v2\/tags?post=133955"}],"curies":[{"name":"wp","href":"https:\/\/api.w.org\/{rel}","templated":true}]}}