{"id":133957,"date":"2021-11-25T11:09:06","date_gmt":"2021-11-25T16:09:06","guid":{"rendered":"https:\/\/linitiative.ca\/International\/covid-19-suspension-des-vols-a-destination-et-en-provenance-de-la-france\/"},"modified":"2021-11-25T11:09:06","modified_gmt":"2021-11-25T16:09:06","slug":"covid-19-suspension-des-vols-a-destination-et-en-provenance-de-la-france","status":"publish","type":"post","link":"https:\/\/linitiative.ca\/International\/covid-19-suspension-des-vols-a-destination-et-en-provenance-de-la-france\/","title":{"rendered":"Covid-19: Suspension des vols \u00e0 destination et en provenance de la France"},"content":{"rendered":"<div>\n<div style=\"margin-bottom:20px;\"><img loading=\"lazy\" decoding=\"async\" width=\"750\" height=\"430\" src=\"https:\/\/linitiative.ca\/International\/wp-content\/uploads\/sites\/23\/2021\/11\/ContrC3B4le-des-passeports-aC3A9roport-dOujda-750C397430-MAP.jpg\" class=\"attachment-post-thumbnail size-post-thumbnail wp-post-image\" alt=\"\" srcset=\"https:\/\/linitiative.ca\/International\/wp-content\/uploads\/sites\/23\/2021\/11\/ContrC3B4le-des-passeports-aC3A9roport-dOujda-750C397430-MAP.jpg 750w, http:\/\/www.mapoujda.ma\/map\/uploads\/2021\/01\/Contr\u00f4le-des-passeports-a\u00e9roport-dOujda-750\u00d7430-MAP-300x172.jpg 300w\" sizes=\"auto, (max-width: 750px) 100vw, 750px\"><\/div>\n<div>\n<p style=\"text-align: justify;\">Les autorit\u00e9s marocaines ont d\u00e9cid\u00e9 de suspendre les vols r\u00e9guliers de passagers \u00e0 destination et en provenance de la France \u00e0 partir du vendredi 26 novembre \u00e0 23h59, indique, jeudi, le Comit\u00e9 interminist\u00e9riel de coordination et de suivi du dispositif r\u00e9gissant les voyages internationaux pendant la pand\u00e9mie.<\/p>\n<p style=\"text-align: justify;\">Cette d\u00e9cision intervient afin de pr\u00e9server les acquis du Maroc en mati\u00e8re de gestion de la pand\u00e9mie de la Covid-19 et pour faire face \u00e0 la d\u00e9gradation de la situation sanitaire dans certains pays du voisinage europ\u00e9en, pr\u00e9cise le Comit\u00e9 interminist\u00e9riel dans un communiqu\u00e9.<\/p>\n<p style=\"text-align: justify;\">La suspension entrera en vigueur \u00e0 partir du 26 novembre 2021 \u00e0 23h59, et ce, jusqu\u2019\u00e0 nouvel ordre, souligne la m\u00eame source.<\/p>\n<\/div>\n<p>L\u2019article <a rel=\"nofollow\" href=\"http:\/\/www.mapoujda.ma\/fr\/covid-19-suspension-des-vols-a-destination-et-en-provenance-de-la-france\/\">Covid-19: Suspension des vols \u00e0 destination et en provenance de la France<\/a> est apparu en premier sur <a rel=\"nofollow\" href=\"http:\/\/www.mapoujda.ma\/fr\">MapOujda<\/a>.<\/p>\n<\/div>\n<p>Auteur: Soufiane ELAHMAR<br \/>\n<a href=\"http:\/\/www.mapoujda.ma\/fr\/covid-19-suspension-des-vols-a-destination-et-en-provenance-de-la-france\/\">Cliquez ici pour lire l&rsquo;article depuis sa source.<\/a><\/p>\n","protected":false},"excerpt":{"rendered":"<p>Les autorit\u00e9s marocaines ont d\u00e9cid\u00e9 de suspendre les vols r\u00e9guliers de passagers \u00e0 destination et en provenance de la France \u00e0 partir du vendredi 26 novembre \u00e0 23h59, indique, jeudi, le Comit\u00e9 interminist\u00e9riel de coordination et de suivi du dispositif r\u00e9gissant les voyages internationaux pendant la pand\u00e9mie. Cette d\u00e9cision intervient afin de pr\u00e9server les acquis [&hellip;]<\/p>\n","protected":false},"author":1788,"featured_media":0,"comment_status":"closed","ping_status":"closed","sticky":false,"template":"","format":"standard","meta":{"fifu_image_url":"http:\/\/www.mapoujda.ma\/map\/uploads\/2021\/01\/Contr\u00f4le-des-passeports-a\u00e9roport-dOujda-750\u00d7430-MAP.jpg","fifu_image_alt":"Covid-19: Suspension des vols \u00e0 destination et en provenance de la France","footnotes":""},"categories":[54,76],"tags":[],"class_list":["post-133957","post","type-post","status-publish","format-standard","hentry","category-maroc","category-regions"],"_links":{"self":[{"href":"https:\/\/linitiative.ca\/International\/wp-json\/wp\/v2\/posts\/133957","targetHints":{"allow":["GET"]}}],"collection":[{"href":"https:\/\/linitiative.ca\/International\/wp-json\/wp\/v2\/posts"}],"about":[{"href":"https:\/\/linitiative.ca\/International\/wp-json\/wp\/v2\/types\/post"}],"author":[{"embeddable":true,"href":"https:\/\/linitiative.ca\/International\/wp-json\/wp\/v2\/users\/1788"}],"replies":[{"embeddable":true,"href":"https:\/\/linitiative.ca\/International\/wp-json\/wp\/v2\/comments?post=133957"}],"version-history":[{"count":0,"href":"https:\/\/linitiative.ca\/International\/wp-json\/wp\/v2\/posts\/133957\/revisions"}],"wp:attachment":[{"href":"https:\/\/linitiative.ca\/International\/wp-json\/wp\/v2\/media?parent=133957"}],"wp:term":[{"taxonomy":"category","embeddable":true,"href":"https:\/\/linitiative.ca\/International\/wp-json\/wp\/v2\/categories?post=133957"},{"taxonomy":"post_tag","embeddable":true,"href":"https:\/\/linitiative.ca\/International\/wp-json\/wp\/v2\/tags?post=133957"}],"curies":[{"name":"wp","href":"https:\/\/api.w.org\/{rel}","templated":true}]}}