{"id":133963,"date":"2021-11-25T11:08:59","date_gmt":"2021-11-25T16:08:59","guid":{"rendered":"https:\/\/linitiative.ca\/International\/le-maroc-suspend-les-vols-reguliers-avec-la-france\/"},"modified":"2021-11-25T11:08:59","modified_gmt":"2021-11-25T16:08:59","slug":"le-maroc-suspend-les-vols-reguliers-avec-la-france","status":"publish","type":"post","link":"https:\/\/linitiative.ca\/International\/le-maroc-suspend-les-vols-reguliers-avec-la-france\/","title":{"rendered":"Le Maroc suspend les vols r\u00e9guliers avec la France"},"content":{"rendered":"<div>\n<div class=\"field field-name-body field-type-text-with-summary field-label-hidden\">\n<div class=\"field-items\">\n<div class=\"field-item even\" property=\"content:encoded\">\n<p class=\"rtejustify\">Le Maroc d\u00e9cide de suspendre les vols r\u00e9guliers de passagers \u00e0 destination et en provenance de la France \u00e0 partir du vendredi 26 novembre \u00e0 23h59. C&rsquo;est ce qu&rsquo;indique ce jeudi\u00a0le Comit\u00e9 interminist\u00e9riel de coordination et de suivi du dispositif r\u00e9gissant les voyages internationaux pendant la pand\u00e9mie.<\/p>\n<\/div>\n<\/div>\n<\/div>\n<\/div>\n<p>Auteur: hgueye<br \/>\n<a href=\"https:\/\/www.leconomiste.com\/flash-infos\/le-maroc-suspend-ses-vols-reguliers-avec-la-france\">Cliquez ici pour lire l&rsquo;article depuis sa source.<\/a><\/p>\n","protected":false},"excerpt":{"rendered":"<p>Le Maroc d\u00e9cide de suspendre les vols r\u00e9guliers de passagers \u00e0 destination et en provenance de la France \u00e0 partir du vendredi 26 novembre \u00e0 23h59. C&rsquo;est ce qu&rsquo;indique ce jeudi\u00a0le Comit\u00e9 interminist\u00e9riel de coordination et de suivi du dispositif r\u00e9gissant les voyages internationaux pendant la pand\u00e9mie. Auteur: hgueye Cliquez ici pour lire l&rsquo;article depuis [&hellip;]<\/p>\n","protected":false},"author":1763,"featured_media":0,"comment_status":"closed","ping_status":"closed","sticky":false,"template":"","format":"standard","meta":{"fifu_image_url":"","fifu_image_alt":"","footnotes":""},"categories":[78,54],"tags":[],"class_list":["post-133963","post","type-post","status-publish","format-standard","hentry","category-economie","category-maroc"],"_links":{"self":[{"href":"https:\/\/linitiative.ca\/International\/wp-json\/wp\/v2\/posts\/133963","targetHints":{"allow":["GET"]}}],"collection":[{"href":"https:\/\/linitiative.ca\/International\/wp-json\/wp\/v2\/posts"}],"about":[{"href":"https:\/\/linitiative.ca\/International\/wp-json\/wp\/v2\/types\/post"}],"author":[{"embeddable":true,"href":"https:\/\/linitiative.ca\/International\/wp-json\/wp\/v2\/users\/1763"}],"replies":[{"embeddable":true,"href":"https:\/\/linitiative.ca\/International\/wp-json\/wp\/v2\/comments?post=133963"}],"version-history":[{"count":0,"href":"https:\/\/linitiative.ca\/International\/wp-json\/wp\/v2\/posts\/133963\/revisions"}],"wp:attachment":[{"href":"https:\/\/linitiative.ca\/International\/wp-json\/wp\/v2\/media?parent=133963"}],"wp:term":[{"taxonomy":"category","embeddable":true,"href":"https:\/\/linitiative.ca\/International\/wp-json\/wp\/v2\/categories?post=133963"},{"taxonomy":"post_tag","embeddable":true,"href":"https:\/\/linitiative.ca\/International\/wp-json\/wp\/v2\/tags?post=133963"}],"curies":[{"name":"wp","href":"https:\/\/api.w.org\/{rel}","templated":true}]}}