{"id":133983,"date":"2021-11-25T12:53:00","date_gmt":"2021-11-25T17:53:00","guid":{"rendered":"https:\/\/linitiative.ca\/International\/la-pollution-atmospherique-augmente-t-elle-la-gravite-du-covid-19\/"},"modified":"2021-11-25T12:53:00","modified_gmt":"2021-11-25T17:53:00","slug":"la-pollution-atmospherique-augmente-t-elle-la-gravite-du-covid-19","status":"publish","type":"post","link":"https:\/\/linitiative.ca\/International\/la-pollution-atmospherique-augmente-t-elle-la-gravite-du-covid-19\/","title":{"rendered":"La pollution atmosph\u00e9rique augmente-t-elle la gravite du Covid 19 ?"},"content":{"rendered":"<div><img decoding=\"async\" src=\"https:\/\/linitiative.ca\/International\/wp-content\/uploads\/sites\/23\/2021\/11\/1637860271_article.jpg\" alt=\"La pollution atmosph\u00e9rique augmente-t-elle la gravite du Covid 19 ?\" align=\"left\">Par Larbi Bouguerra &#8211; La question des d\u00e9chets de Sfax ne doit pas \u00eatre prise \u00e0 la l\u00e9g\u00e8re. Ni au Kram o\u00f9 les ordures s\u2019accumulent depuis trois jours ni \u00e0 l\u2019Ariana o\u00f9 on a annonc\u00e9 des probl\u00e8mes \u00e0 la d\u00e9charge de Borj Chaker.<br \/>\nOn ne doit notamment parler de \u00abvalorisation\u00bb qu\u2019avec circonspection car il faut au pr\u00e9alable convaincre les m\u00e9nages de faire le tri: verre, plastiques, d\u00e9chets organiques\u2026 Pas de baguette magique en l\u2019occurrence ! Ne nous gargarisons pas de mots ! \u00abMal nommer les choses, c\u2019est ajouter aux malheurs du monde\u00bb disait Albert Camus.<br \/>\nLes habitants, \u00e0 Sfax, se sont am\u00e8rement plaints des odeurs naus\u00e9abondes des d\u00e9chets accumul\u00e9s sur la voie &#8230;<\/p>\n<\/div>\n<p>Auteur:<br \/>\n<a href=\"https:\/\/www.leaders.com.tn\/article\/32701-la-pollution-atmospherique-augmente-t-elle-la-gravite-du-covid-19\">Cliquez ici pour lire l&rsquo;article depuis sa source.<\/a><\/p>\n","protected":false},"excerpt":{"rendered":"<p>Par Larbi Bouguerra &#8211; La question des d\u00e9chets de Sfax ne doit pas \u00eatre prise \u00e0 la l\u00e9g\u00e8re. Ni au Kram o\u00f9 les ordures s\u2019accumulent depuis trois jours ni \u00e0 l\u2019Ariana o\u00f9 on a annonc\u00e9 des probl\u00e8mes \u00e0 la d\u00e9charge de Borj Chaker. On ne doit notamment parler de \u00abvalorisation\u00bb qu\u2019avec circonspection car il faut [&hellip;]<\/p>\n","protected":false},"author":1772,"featured_media":0,"comment_status":"closed","ping_status":"closed","sticky":false,"template":"","format":"standard","meta":{"fifu_image_url":"http:\/\/www.leaders.com.tn\/uploads\/content\/thumbnails_small\/1637860271_article.jpg","fifu_image_alt":"La pollution atmosph\u00e9rique augmente-t-elle la gravite du Covid 19 ?","footnotes":""},"categories":[73,55],"tags":[],"class_list":["post-133983","post","type-post","status-publish","format-standard","hentry","category-actualite","category-tunisie"],"_links":{"self":[{"href":"https:\/\/linitiative.ca\/International\/wp-json\/wp\/v2\/posts\/133983","targetHints":{"allow":["GET"]}}],"collection":[{"href":"https:\/\/linitiative.ca\/International\/wp-json\/wp\/v2\/posts"}],"about":[{"href":"https:\/\/linitiative.ca\/International\/wp-json\/wp\/v2\/types\/post"}],"author":[{"embeddable":true,"href":"https:\/\/linitiative.ca\/International\/wp-json\/wp\/v2\/users\/1772"}],"replies":[{"embeddable":true,"href":"https:\/\/linitiative.ca\/International\/wp-json\/wp\/v2\/comments?post=133983"}],"version-history":[{"count":0,"href":"https:\/\/linitiative.ca\/International\/wp-json\/wp\/v2\/posts\/133983\/revisions"}],"wp:attachment":[{"href":"https:\/\/linitiative.ca\/International\/wp-json\/wp\/v2\/media?parent=133983"}],"wp:term":[{"taxonomy":"category","embeddable":true,"href":"https:\/\/linitiative.ca\/International\/wp-json\/wp\/v2\/categories?post=133983"},{"taxonomy":"post_tag","embeddable":true,"href":"https:\/\/linitiative.ca\/International\/wp-json\/wp\/v2\/tags?post=133983"}],"curies":[{"name":"wp","href":"https:\/\/api.w.org\/{rel}","templated":true}]}}