{"id":133994,"date":"2021-11-25T11:07:00","date_gmt":"2021-11-25T16:07:00","guid":{"rendered":"https:\/\/linitiative.ca\/International\/nouvelles-restrictions-suspension-des-vols-entre-le-maroc-et-la-france-jusqua-nouvel-ordre\/"},"modified":"2021-11-25T11:07:00","modified_gmt":"2021-11-25T16:07:00","slug":"nouvelles-restrictions-suspension-des-vols-entre-le-maroc-et-la-france-jusqua-nouvel-ordre","status":"publish","type":"post","link":"https:\/\/linitiative.ca\/International\/nouvelles-restrictions-suspension-des-vols-entre-le-maroc-et-la-france-jusqua-nouvel-ordre\/","title":{"rendered":"Nouvelles restrictions. Suspension des vols entre le Maroc et la France jusqu\u2019\u00e0 nouvel ordre"},"content":{"rendered":"<div><img decoding=\"async\" width=\"700\" height=\"395\" src=\"https:\/\/linitiative.ca\/International\/wp-content\/uploads\/sites\/23\/2021\/11\/vols-royal-air-maroc.jpg\" class=\"attachment-post-thumbnail size-post-thumbnail wp-post-image\" alt=\"\" loading=\"lazy\" srcset=\"https:\/\/linitiative.ca\/International\/wp-content\/uploads\/sites\/23\/2021\/11\/vols-royal-air-maroc.jpg 700w, https:\/\/www.challenge.ma\/wp-content\/uploads\/2015\/12\/vols-royal-air-maroc-300x169.jpg 300w, https:\/\/www.challenge.ma\/wp-content\/uploads\/2015\/12\/vols-royal-air-maroc-360x203.jpg 360w\" sizes=\"auto, (max-width: 700px) 100vw, 700px\" itemprop=\"image\">Dans le cadre des mesures prises pour limiter la propagation du COVID-19, et \u00e0 l\u2019aune d\u2019une quatri\u00e8me vague s\u2019emparant de l\u2019ensemble du terrain Europ\u00e9en, le Maroc suspend ses liaisons a\u00e9riennes avec la France dans les deux sens. Et ce \u00e0 compter du vendredi 26 novembre \u00e0 minuit. Lire aussi |\u00a0Covid-19.<\/div>\n<p>Auteur: Azeroual Siham<br \/>\n<a href=\"https:\/\/www.challenge.ma\/nouvelles-restrictions-suspension-des-vols-entre-le-maroc-et-la-france-jusqua-nouvel-ordre-226961\/\">Cliquez ici pour lire l&rsquo;article depuis sa source.<\/a><\/p>\n","protected":false},"excerpt":{"rendered":"<p>Dans le cadre des mesures prises pour limiter la propagation du COVID-19, et \u00e0 l\u2019aune d\u2019une quatri\u00e8me vague s\u2019emparant de l\u2019ensemble du terrain Europ\u00e9en, le Maroc suspend ses liaisons a\u00e9riennes avec la France dans les deux sens. Et ce \u00e0 compter du vendredi 26 novembre \u00e0 minuit. Lire aussi |\u00a0Covid-19. Auteur: Azeroual Siham Cliquez ici [&hellip;]<\/p>\n","protected":false},"author":1787,"featured_media":0,"comment_status":"closed","ping_status":"closed","sticky":false,"template":"","format":"standard","meta":{"fifu_image_url":"https:\/\/www.challenge.ma\/wp-content\/uploads\/2015\/12\/vols-royal-air-maroc.jpg","fifu_image_alt":"Nouvelles restrictions. Suspension des vols entre le Maroc et la France jusqu\u2019\u00e0 nouvel ordre","footnotes":""},"categories":[78,54],"tags":[],"class_list":["post-133994","post","type-post","status-publish","format-standard","hentry","category-economie","category-maroc"],"_links":{"self":[{"href":"https:\/\/linitiative.ca\/International\/wp-json\/wp\/v2\/posts\/133994","targetHints":{"allow":["GET"]}}],"collection":[{"href":"https:\/\/linitiative.ca\/International\/wp-json\/wp\/v2\/posts"}],"about":[{"href":"https:\/\/linitiative.ca\/International\/wp-json\/wp\/v2\/types\/post"}],"author":[{"embeddable":true,"href":"https:\/\/linitiative.ca\/International\/wp-json\/wp\/v2\/users\/1787"}],"replies":[{"embeddable":true,"href":"https:\/\/linitiative.ca\/International\/wp-json\/wp\/v2\/comments?post=133994"}],"version-history":[{"count":0,"href":"https:\/\/linitiative.ca\/International\/wp-json\/wp\/v2\/posts\/133994\/revisions"}],"wp:attachment":[{"href":"https:\/\/linitiative.ca\/International\/wp-json\/wp\/v2\/media?parent=133994"}],"wp:term":[{"taxonomy":"category","embeddable":true,"href":"https:\/\/linitiative.ca\/International\/wp-json\/wp\/v2\/categories?post=133994"},{"taxonomy":"post_tag","embeddable":true,"href":"https:\/\/linitiative.ca\/International\/wp-json\/wp\/v2\/tags?post=133994"}],"curies":[{"name":"wp","href":"https:\/\/api.w.org\/{rel}","templated":true}]}}