{"id":133996,"date":"2021-11-25T12:44:58","date_gmt":"2021-11-25T17:44:58","guid":{"rendered":"https:\/\/linitiative.ca\/International\/covid-attention-a-leuphorie-par-jamal-berraoui\/"},"modified":"2021-11-25T12:44:58","modified_gmt":"2021-11-25T17:44:58","slug":"covid-attention-a-leuphorie-par-jamal-berraoui","status":"publish","type":"post","link":"https:\/\/linitiative.ca\/International\/covid-attention-a-leuphorie-par-jamal-berraoui\/","title":{"rendered":"Covid. Attention \u00e0 l\u2019euphorie [Par Jamal Berraoui]"},"content":{"rendered":"<div><img decoding=\"async\" width=\"610\" height=\"407\" src=\"https:\/\/linitiative.ca\/International\/wp-content\/uploads\/sites\/23\/2021\/11\/Coronavirus-Maroc-936.jpg\" class=\"attachment-post-thumbnail size-post-thumbnail wp-post-image\" alt=\"\" loading=\"lazy\" srcset=\"https:\/\/linitiative.ca\/International\/wp-content\/uploads\/sites\/23\/2021\/11\/Coronavirus-Maroc-936.jpg 610w, https:\/\/www.challenge.ma\/wp-content\/uploads\/2021\/06\/Coronavirus-Maroc-936-300x200.jpg 300w, https:\/\/www.challenge.ma\/wp-content\/uploads\/2021\/06\/Coronavirus-Maroc-936-360x240.jpg 360w\" sizes=\"auto, (max-width: 610px) 100vw, 610px\" itemprop=\"image\">Parce que nos chiffres sont excellents, on a m\u00eame eu z\u00e9ro mort pour la premi\u00e8re fois depuis deux ans, les gens pavoisent et croient qu\u2019on est totalement sortis d\u2019affaire.\u00a0 Cette attitude est terriblement dangereuse. La mani\u00e8re dont le pass-vaccinal a \u00e9t\u00e9 impos\u00e9 a eu l\u2019effet inverse \u00e0 celui qui \u00e9tait<\/div>\n<p>Auteur: Jamal Berraoui<br \/>\n<a href=\"https:\/\/www.challenge.ma\/covid-attention-a-leuphorie-par-jamal-berraoui-226968\/\">Cliquez ici pour lire l&rsquo;article depuis sa source.<\/a><\/p>\n","protected":false},"excerpt":{"rendered":"<p>Parce que nos chiffres sont excellents, on a m\u00eame eu z\u00e9ro mort pour la premi\u00e8re fois depuis deux ans, les gens pavoisent et croient qu\u2019on est totalement sortis d\u2019affaire.\u00a0 Cette attitude est terriblement dangereuse. La mani\u00e8re dont le pass-vaccinal a \u00e9t\u00e9 impos\u00e9 a eu l\u2019effet inverse \u00e0 celui qui \u00e9tait Auteur: Jamal Berraoui Cliquez ici [&hellip;]<\/p>\n","protected":false},"author":1787,"featured_media":0,"comment_status":"closed","ping_status":"closed","sticky":false,"template":"","format":"standard","meta":{"fifu_image_url":"https:\/\/www.challenge.ma\/wp-content\/uploads\/2021\/06\/Coronavirus-Maroc-936.jpg","fifu_image_alt":"Covid. Attention \u00e0 l\u2019euphorie [Par Jamal Berraoui]","footnotes":""},"categories":[78,54],"tags":[],"class_list":["post-133996","post","type-post","status-publish","format-standard","hentry","category-economie","category-maroc"],"_links":{"self":[{"href":"https:\/\/linitiative.ca\/International\/wp-json\/wp\/v2\/posts\/133996","targetHints":{"allow":["GET"]}}],"collection":[{"href":"https:\/\/linitiative.ca\/International\/wp-json\/wp\/v2\/posts"}],"about":[{"href":"https:\/\/linitiative.ca\/International\/wp-json\/wp\/v2\/types\/post"}],"author":[{"embeddable":true,"href":"https:\/\/linitiative.ca\/International\/wp-json\/wp\/v2\/users\/1787"}],"replies":[{"embeddable":true,"href":"https:\/\/linitiative.ca\/International\/wp-json\/wp\/v2\/comments?post=133996"}],"version-history":[{"count":0,"href":"https:\/\/linitiative.ca\/International\/wp-json\/wp\/v2\/posts\/133996\/revisions"}],"wp:attachment":[{"href":"https:\/\/linitiative.ca\/International\/wp-json\/wp\/v2\/media?parent=133996"}],"wp:term":[{"taxonomy":"category","embeddable":true,"href":"https:\/\/linitiative.ca\/International\/wp-json\/wp\/v2\/categories?post=133996"},{"taxonomy":"post_tag","embeddable":true,"href":"https:\/\/linitiative.ca\/International\/wp-json\/wp\/v2\/tags?post=133996"}],"curies":[{"name":"wp","href":"https:\/\/api.w.org\/{rel}","templated":true}]}}