{"id":133998,"date":"2021-11-25T17:11:41","date_gmt":"2021-11-25T22:11:41","guid":{"rendered":"https:\/\/linitiative.ca\/International\/vols-maroc-france-decision-de-suspension-reportee-au-dimanche-28-novembre\/"},"modified":"2021-11-25T17:11:41","modified_gmt":"2021-11-25T22:11:41","slug":"vols-maroc-france-decision-de-suspension-reportee-au-dimanche-28-novembre","status":"publish","type":"post","link":"https:\/\/linitiative.ca\/International\/vols-maroc-france-decision-de-suspension-reportee-au-dimanche-28-novembre\/","title":{"rendered":"Vols Maroc-France. D\u00e9cision de suspension report\u00e9e au dimanche 28 novembre"},"content":{"rendered":"<div><img decoding=\"async\" width=\"2008\" height=\"1339\" src=\"https:\/\/linitiative.ca\/International\/wp-content\/uploads\/sites\/23\/2021\/11\/royal-air-maroc-RAM-boeing-787-9.jpg\" class=\"attachment-post-thumbnail size-post-thumbnail wp-post-image\" alt=\"\" loading=\"lazy\" srcset=\"https:\/\/linitiative.ca\/International\/wp-content\/uploads\/sites\/23\/2021\/11\/royal-air-maroc-RAM-boeing-787-9.jpg 2008w, https:\/\/www.challenge.ma\/wp-content\/uploads\/2020\/12\/royal-air-maroc-RAM-boeing-787-9-300x200.jpg 300w, https:\/\/www.challenge.ma\/wp-content\/uploads\/2020\/12\/royal-air-maroc-RAM-boeing-787-9-1024x683.jpg 1024w, https:\/\/www.challenge.ma\/wp-content\/uploads\/2020\/12\/royal-air-maroc-RAM-boeing-787-9-768x512.jpg 768w, https:\/\/www.challenge.ma\/wp-content\/uploads\/2020\/12\/royal-air-maroc-RAM-boeing-787-9-1536x1024.jpg 1536w, https:\/\/www.challenge.ma\/wp-content\/uploads\/2020\/12\/royal-air-maroc-RAM-boeing-787-9-360x240.jpg 360w, https:\/\/www.challenge.ma\/wp-content\/uploads\/2020\/12\/royal-air-maroc-RAM-boeing-787-9-750x500.jpg 750w\" sizes=\"auto, (max-width: 2008px) 100vw, 2008px\" itemprop=\"image\">Dans un communiqu\u00e9 du Comit\u00e9 interminist\u00e9riel de coordination et de suivi du dispositif r\u00e9gissant les voyages internationaux pendant la pand\u00e9mie, les autorit\u00e9s marocaines annoncent le report de la d\u00e9cision d\u2019arr\u00eat des vols \u00e0 destination et en provenance de France au dimanche 28 novembre au lieu du vendredi 26, toujours \u00e0<\/div>\n<p>Auteur: Azeroual Siham<br \/>\n<a href=\"https:\/\/www.challenge.ma\/vols-maroc-france-decision-de-suspension-reportee-au-dimanche-28-novembre-226973\/\">Cliquez ici pour lire l&rsquo;article depuis sa source.<\/a><\/p>\n","protected":false},"excerpt":{"rendered":"<p>Dans un communiqu\u00e9 du Comit\u00e9 interminist\u00e9riel de coordination et de suivi du dispositif r\u00e9gissant les voyages internationaux pendant la pand\u00e9mie, les autorit\u00e9s marocaines annoncent le report de la d\u00e9cision d\u2019arr\u00eat des vols \u00e0 destination et en provenance de France au dimanche 28 novembre au lieu du vendredi 26, toujours \u00e0 Auteur: Azeroual Siham Cliquez ici [&hellip;]<\/p>\n","protected":false},"author":1787,"featured_media":0,"comment_status":"closed","ping_status":"closed","sticky":false,"template":"","format":"standard","meta":{"fifu_image_url":"https:\/\/www.challenge.ma\/wp-content\/uploads\/2020\/12\/royal-air-maroc-RAM-boeing-787-9.jpg","fifu_image_alt":"Vols Maroc-France. D\u00e9cision de suspension report\u00e9e au dimanche 28 novembre","footnotes":""},"categories":[78,54],"tags":[],"class_list":["post-133998","post","type-post","status-publish","format-standard","hentry","category-economie","category-maroc"],"_links":{"self":[{"href":"https:\/\/linitiative.ca\/International\/wp-json\/wp\/v2\/posts\/133998","targetHints":{"allow":["GET"]}}],"collection":[{"href":"https:\/\/linitiative.ca\/International\/wp-json\/wp\/v2\/posts"}],"about":[{"href":"https:\/\/linitiative.ca\/International\/wp-json\/wp\/v2\/types\/post"}],"author":[{"embeddable":true,"href":"https:\/\/linitiative.ca\/International\/wp-json\/wp\/v2\/users\/1787"}],"replies":[{"embeddable":true,"href":"https:\/\/linitiative.ca\/International\/wp-json\/wp\/v2\/comments?post=133998"}],"version-history":[{"count":0,"href":"https:\/\/linitiative.ca\/International\/wp-json\/wp\/v2\/posts\/133998\/revisions"}],"wp:attachment":[{"href":"https:\/\/linitiative.ca\/International\/wp-json\/wp\/v2\/media?parent=133998"}],"wp:term":[{"taxonomy":"category","embeddable":true,"href":"https:\/\/linitiative.ca\/International\/wp-json\/wp\/v2\/categories?post=133998"},{"taxonomy":"post_tag","embeddable":true,"href":"https:\/\/linitiative.ca\/International\/wp-json\/wp\/v2\/tags?post=133998"}],"curies":[{"name":"wp","href":"https:\/\/api.w.org\/{rel}","templated":true}]}}