{"id":134000,"date":"2021-11-25T16:19:37","date_gmt":"2021-11-25T21:19:37","guid":{"rendered":"https:\/\/linitiative.ca\/International\/photo-du-jour-toilettes-ecoeurantes-au-lycee-pilote-des-arts-del-omrane-de-tunis\/"},"modified":"2021-11-25T16:19:37","modified_gmt":"2021-11-25T21:19:37","slug":"photo-du-jour-toilettes-ecoeurantes-au-lycee-pilote-des-arts-del-omrane-de-tunis","status":"publish","type":"post","link":"https:\/\/linitiative.ca\/International\/photo-du-jour-toilettes-ecoeurantes-au-lycee-pilote-des-arts-del-omrane-de-tunis\/","title":{"rendered":"Photo du jour : Toilettes \u00e9c\u0153urantes au lyc\u00e9e pilote des arts d\u2019El Omrane de Tunis"},"content":{"rendered":"<div>\n<p>Cette photo choquante a \u00e9t\u00e9 prise aujourd\u2019hui jeudi 25 novembre 2021 au lyc\u00e9e pilote des arts d\u2019El Omrane de Tunis \u00e0 son bloc \u00ab sanitaire \u00bb. La photo donne la naus\u00e9e, et pour cause, elle montre la situation des toilettes \u00e9c\u0153urantes d\u2019un lyc\u00e9e abritant un internat et qui est fr\u00e9quent\u00e9 par des centaines d\u2019\u00e9l\u00e8ves. Il [\u2026]<\/p>\n<p>L\u2019article <a href=\"https:\/\/www.tunisienumerique.com\/photo-du-jour-toilettes-ecoeurantes-au-lycee-pilote-des-arts-del-omrane-de-tunis\/\">Photo du jour : Toilettes \u00e9c\u0153urantes au lyc\u00e9e pilote des arts d\u2019El Omrane de Tunis<\/a> est apparu en premier sur <a href=\"https:\/\/www.tunisienumerique.com\/\">Tunisie<\/a>.<\/p>\n<\/div>\n<p>Auteur: Mohamed Ben Abderrazek<br \/>\n<a href=\"https:\/\/www.tunisienumerique.com\/photo-du-jour-toilettes-ecoeurantes-au-lycee-pilote-des-arts-del-omrane-de-tunis\/\">Cliquez ici pour lire l&rsquo;article depuis sa source.<\/a><\/p>\n","protected":false},"excerpt":{"rendered":"<p>Cette photo choquante a \u00e9t\u00e9 prise aujourd\u2019hui jeudi 25 novembre 2021 au lyc\u00e9e pilote des arts d\u2019El Omrane de Tunis \u00e0 son bloc \u00ab sanitaire \u00bb. La photo donne la naus\u00e9e, et pour cause, elle montre la situation des toilettes \u00e9c\u0153urantes d\u2019un lyc\u00e9e abritant un internat et qui est fr\u00e9quent\u00e9 par des centaines d\u2019\u00e9l\u00e8ves. Il [&hellip;]<\/p>\n","protected":false},"author":1789,"featured_media":0,"comment_status":"closed","ping_status":"closed","sticky":false,"template":"","format":"standard","meta":{"fifu_image_url":"","fifu_image_alt":"","footnotes":""},"categories":[73,55],"tags":[],"class_list":["post-134000","post","type-post","status-publish","format-standard","hentry","category-actualite","category-tunisie"],"_links":{"self":[{"href":"https:\/\/linitiative.ca\/International\/wp-json\/wp\/v2\/posts\/134000","targetHints":{"allow":["GET"]}}],"collection":[{"href":"https:\/\/linitiative.ca\/International\/wp-json\/wp\/v2\/posts"}],"about":[{"href":"https:\/\/linitiative.ca\/International\/wp-json\/wp\/v2\/types\/post"}],"author":[{"embeddable":true,"href":"https:\/\/linitiative.ca\/International\/wp-json\/wp\/v2\/users\/1789"}],"replies":[{"embeddable":true,"href":"https:\/\/linitiative.ca\/International\/wp-json\/wp\/v2\/comments?post=134000"}],"version-history":[{"count":0,"href":"https:\/\/linitiative.ca\/International\/wp-json\/wp\/v2\/posts\/134000\/revisions"}],"wp:attachment":[{"href":"https:\/\/linitiative.ca\/International\/wp-json\/wp\/v2\/media?parent=134000"}],"wp:term":[{"taxonomy":"category","embeddable":true,"href":"https:\/\/linitiative.ca\/International\/wp-json\/wp\/v2\/categories?post=134000"},{"taxonomy":"post_tag","embeddable":true,"href":"https:\/\/linitiative.ca\/International\/wp-json\/wp\/v2\/tags?post=134000"}],"curies":[{"name":"wp","href":"https:\/\/api.w.org\/{rel}","templated":true}]}}