{"id":134002,"date":"2021-11-25T16:48:27","date_gmt":"2021-11-25T21:48:27","guid":{"rendered":"https:\/\/linitiative.ca\/International\/tunisie-la-rupture-est-consommee-entre-kais-saied-et-son-gouvernement-et-les-medias\/"},"modified":"2021-11-25T16:48:27","modified_gmt":"2021-11-25T21:48:27","slug":"tunisie-la-rupture-est-consommee-entre-kais-saied-et-son-gouvernement-et-les-medias","status":"publish","type":"post","link":"https:\/\/linitiative.ca\/International\/tunisie-la-rupture-est-consommee-entre-kais-saied-et-son-gouvernement-et-les-medias\/","title":{"rendered":"Tunisie \u2013 La rupture est consomm\u00e9e entre Ka\u00efs Sa\u00efed et son gouvernement, et les m\u00e9dias\u00a0!"},"content":{"rendered":"<div>\n<p>S\u2019il y a une chose que le pr\u00e9sident Ka\u00efs Sa\u00efed ne porte pas dans le c\u0153ur, c\u2019est bien les journalistes et les m\u00e9dias. Cela se voit \u00e0 chacune de ses actions ou des actions de sa cheffe du gouvernement. Il a, obstin\u00e9ment, choisi de travailler tout seul, sans recours \u00e0 la presse, et sans communication [\u2026]<\/p>\n<p>L\u2019article <a href=\"https:\/\/www.tunisienumerique.com\/tunisie-la-rupture-est-consommee-entre-kais-saied-et-son-gouvernement-et-les-medias\/\">Tunisie \u2013 La rupture est consomm\u00e9e entre Ka\u00efs Sa\u00efed et son gouvernement, et les m\u00e9dias\u00a0!<\/a> est apparu en premier sur <a href=\"https:\/\/www.tunisienumerique.com\/\">Tunisie<\/a>.<\/p>\n<\/div>\n<p>Auteur: Ramsis<br \/>\n<a href=\"https:\/\/www.tunisienumerique.com\/tunisie-la-rupture-est-consommee-entre-kais-saied-et-son-gouvernement-et-les-medias\/\">Cliquez ici pour lire l&rsquo;article depuis sa source.<\/a><\/p>\n","protected":false},"excerpt":{"rendered":"<p>S\u2019il y a une chose que le pr\u00e9sident Ka\u00efs Sa\u00efed ne porte pas dans le c\u0153ur, c\u2019est bien les journalistes et les m\u00e9dias. Cela se voit \u00e0 chacune de ses actions ou des actions de sa cheffe du gouvernement. Il a, obstin\u00e9ment, choisi de travailler tout seul, sans recours \u00e0 la presse, et sans communication [&hellip;]<\/p>\n","protected":false},"author":1789,"featured_media":0,"comment_status":"closed","ping_status":"closed","sticky":false,"template":"","format":"standard","meta":{"fifu_image_url":"","fifu_image_alt":"","footnotes":""},"categories":[73,55],"tags":[],"class_list":["post-134002","post","type-post","status-publish","format-standard","hentry","category-actualite","category-tunisie"],"_links":{"self":[{"href":"https:\/\/linitiative.ca\/International\/wp-json\/wp\/v2\/posts\/134002","targetHints":{"allow":["GET"]}}],"collection":[{"href":"https:\/\/linitiative.ca\/International\/wp-json\/wp\/v2\/posts"}],"about":[{"href":"https:\/\/linitiative.ca\/International\/wp-json\/wp\/v2\/types\/post"}],"author":[{"embeddable":true,"href":"https:\/\/linitiative.ca\/International\/wp-json\/wp\/v2\/users\/1789"}],"replies":[{"embeddable":true,"href":"https:\/\/linitiative.ca\/International\/wp-json\/wp\/v2\/comments?post=134002"}],"version-history":[{"count":0,"href":"https:\/\/linitiative.ca\/International\/wp-json\/wp\/v2\/posts\/134002\/revisions"}],"wp:attachment":[{"href":"https:\/\/linitiative.ca\/International\/wp-json\/wp\/v2\/media?parent=134002"}],"wp:term":[{"taxonomy":"category","embeddable":true,"href":"https:\/\/linitiative.ca\/International\/wp-json\/wp\/v2\/categories?post=134002"},{"taxonomy":"post_tag","embeddable":true,"href":"https:\/\/linitiative.ca\/International\/wp-json\/wp\/v2\/tags?post=134002"}],"curies":[{"name":"wp","href":"https:\/\/api.w.org\/{rel}","templated":true}]}}