{"id":134008,"date":"2021-11-25T17:38:45","date_gmt":"2021-11-25T22:38:45","guid":{"rendered":"https:\/\/linitiative.ca\/International\/uaco-2021-la-responsabilite-du-journaliste-au-coeur-des-echanges\/"},"modified":"2021-11-25T17:38:45","modified_gmt":"2021-11-25T22:38:45","slug":"uaco-2021-la-responsabilite-du-journaliste-au-coeur-des-echanges","status":"publish","type":"post","link":"https:\/\/linitiative.ca\/International\/uaco-2021-la-responsabilite-du-journaliste-au-coeur-des-echanges\/","title":{"rendered":"UACO 2021 : La responsabilit\u00e9 du journaliste au c\u0153ur des \u00e9changes"},"content":{"rendered":"<div>\n<p><strong>Les Universit\u00e9s africaines de la communication de Ouagadougou (UACO) ont ouvert leurs portes, le jeudi 25 novembre 2021. Cette rencontre, qui se tient en 48 heures, va servir de cadre pour les professionnels de m\u00e9dias de se pencher sur l\u2019information et la communication dans un contexte de d\u00e9fis s\u00e9curitaire et sanitaire en Afrique.<\/strong><\/p>\n<p>\u00abLes responsabilit\u00e9s des acteurs de l\u2019information et de la communication dans un contexte de d\u00e9fis s\u00e9curitaire et sanitaire en Afrique \u00bb, c\u2019est sous ce th\u00e8me que se tient la XIIe \u00e9dition des Universit\u00e9s africaines de la communication de Ouagadougou (UACO). Cadre de rencontre des Hommes de m\u00e9dias, ces UACO 2021 qui se tiennent dans un contexte de d\u00e9fis s\u00e9curitaire et sanitaire est une tribune pour les professionnels du domaine de la communication de partager leurs exp\u00e9riences et de se pencher sur leurs responsabilit\u00e9s dans la diffusion de l\u2019information en temps de crise. Pendant 48 heures, ils renforceront leurs connaissances gr\u00e2ce \u00e0 des panels et des ateliers sectoriels.<\/p>\n<p>Pour le Premier ministre, Christophe Dabir\u00e9, au-del\u00e0 d\u2019une simple rencontre entre professionnels, les UACO sont devenues des facteurs d\u2019int\u00e9gration sous r\u00e9gionale qu\u2019il convient de soutenir. Rappelant aux Hommes de m\u00e9dias leur r\u00f4le dans l\u2019harmonie du tissu social, Christophe Dabir\u00e9 a laiss\u00e9 entendre que dans un contexte de d\u00e9fis s\u00e9curitaire et sanitaire, une information d\u00e9nud\u00e9e, non \u00e9quilibr\u00e9e peut conduire \u00e0 une situation hors de contr\u00f4le, pr\u00e9judiciable \u00e0 la s\u00e9curit\u00e9 des citoyens et \u00e0 la coh\u00e9sion sociale.<\/p>\n<p>\u00ab C\u2019est une r\u00e9elle pr\u00e9occupation pour nous gouvernement, attach\u00e9 d\u2019une part \u00e0 garantir la libre expression des opinions, \u00e0 promouvoir la libert\u00e9 de presse et d\u2019autre part, \u00e0 veiller \u00e0 ce que les abus de la libert\u00e9 ne mettent en p\u00e9ril la s\u00e9curit\u00e9 de l\u2019Etat et la culture de veille citoyen \u00bb, a soulign\u00e9 le Premier ministre. Pour lui, si les nouvelles technologies facilitent la vie, suscitent de nouvelles exp\u00e9riences et de nouvelles utopies, elles donnent lieu \u00e9galement \u00e0 des inqui\u00e9tudes l\u00e9gitimes sur la ma\u00eetrise du destin de la soci\u00e9t\u00e9.<\/p>\n<p>C\u2019est pourquoi, le chef du gouvernement, pense que les UACO, en plus d\u2019amener vers le totalitarisme des nouvelles technologies, doivent aussi, servir de phare pour \u00e9clairer sur les moyens de les saisir avec intelligence et efficacit\u00e9, les opportunit\u00e9s de la communication pour acc\u00e9l\u00e9rer le processus de d\u00e9veloppement, consolider la d\u00e9mocratie et promouvoir la libert\u00e9 d\u2019expression et de droits humains.<\/p>\n<h3>Un effort du gouvernement<\/h3>\n<p>Le ministre de la Communication et des Relations avec le parlement, Ouss\u00e9ni Tamboura, revenant sur l\u2019importance des UACO, a pr\u00e9cis\u00e9 que le r\u00f4le du journaliste n\u2019est pas de faire<\/p>\n<figure id=\"attachment_42546\" aria-describedby=\"caption-attachment-42546\" style=\"width: 300px\" class=\"wp-caption alignleft\"><img decoding=\"async\" loading=\"lazy\" class=\"size-medium wp-image-42546\" src=\"https:\/\/linitiative.ca\/International\/wp-content\/uploads\/sites\/23\/2021\/11\/uaco1-300x194-1.gif\" alt=\"\" width=\"300\" height=\"194\" srcset=\"https:\/\/linitiative.ca\/International\/wp-content\/uploads\/sites\/23\/2021\/11\/uaco1-300x194-1.gif 300w, https:\/\/www.sidwaya.info\/wp-content\/uploads\/2021\/11\/uaco1-768x498.gif 768w, https:\/\/www.sidwaya.info\/wp-content\/uploads\/2021\/11\/uaco1-150x97.gif 150w, https:\/\/www.sidwaya.info\/wp-content\/uploads\/2021\/11\/uaco1-696x451.gif 696w, https:\/\/www.sidwaya.info\/wp-content\/uploads\/2021\/11\/uaco1-648x420.gif 648w\" sizes=\"auto, (max-width: 300px) 100vw, 300px\"><figcaption id=\"caption-attachment-42546\" class=\"wp-caption-text\">Le ministre en charge de la communication, Ouss\u00e9ni Tamboura : \u00ab Le temps de la d\u00e9fense et de la s\u00e9curit\u00e9 ne peut pas aller au m\u00eame rythme que le temps m\u00e9diatique \u00bb.<\/figcaption><\/figure>\n<p>de sensationnel, mais, de donner l\u2019information juste avec discernement et responsabilit\u00e9. En cela, il s\u2019est r\u00e9joui de la contribution de l\u2019Etat burkinab\u00e8 pour faire de la communication, un puissant catalyseur de ce d\u00e9veloppement, un pilier de la libert\u00e9 et de la consolidation de la d\u00e9mocratie. Selon, le chef du d\u00e9partement de la Communication, les UACO, loin d\u2019\u00eatre un cadre de d\u00e9bats st\u00e9riles, sont bien au contraire, un cadre qui associe la r\u00e9flexion \u00e0 l\u2019action, la science au d\u00e9veloppement.<\/p>\n<p>\u00ab Les UACO ouvrent donc des champs de coop\u00e9ration et int\u00e9gration africaine dans des domaines critiques du d\u00e9veloppement des m\u00e9dias, des politiques de communication et de la promotion de la libert\u00e9 d\u2019expression \u00bb, a-t-il avanc\u00e9. Parrain de cet \u00e9v\u00e9nement, l\u2019ex-Archev\u00eaque de Bobo-Dioulasso, Mgr Anselme Titiama Sanou, tout en saluant l\u2019initiative, a indiqu\u00e9 que la communication doit contribuer au d\u00e9veloppement de l\u2019Homme et tout homme et femme.<\/p>\n<p>Elle doit, a-t-il ajout\u00e9, contribuer au commerce des id\u00e9es, \u00e0 la libre expression des opinions, \u00e0 dire la v\u00e9rit\u00e9 et au service de la paix, \u00e0 informer et \u00e0 former, pr\u00e9parer le citoyen \u00e0 vivre son temps et \u00e0 s\u2019\u00e9panouir sainement. Et Mgr Sanou de dire aux journalistes de s\u2019interroger sur leur responsabilit\u00e9 d\u2019informer. Le parrain a invit\u00e9 les acteurs de la communication \u00e0 faire preuve d\u2019\u00e9thique et de d\u00e9ontologie dans le traitement de l\u2019information et de se d\u00e9marquer de la d\u00e9sinformation qui peut conduire \u00e0 des d\u00e9rives. Au cours de cette rencontre, le Pr serge Th\u00e9ophile Balima a \u00e9t\u00e9 fait Commandeur de l\u2019Ordre du m\u00e9rit\u00e9 des arts, des lettres et de la communication.<\/p>\n<p style=\"text-align: right\"><strong>Donald Wendpouir\u00e9 NIKIEMA<\/strong><\/p>\n<p style=\"text-align: right\">tousunis.do@gmail.com<\/p>\n<p>L\u2019article <a rel=\"nofollow\" href=\"https:\/\/www.sidwaya.info\/blog\/2021\/11\/25\/uaco-2021-la-responsabilite-du-journaliste-au-coeur-des-echanges\/\">UACO 2021 : La responsabilit\u00e9 du journaliste au c\u0153ur des \u00e9changes<\/a> est apparu en premier sur <a rel=\"nofollow\" href=\"https:\/\/www.sidwaya.info\/\">Quotidien Sidwaya<\/a>.<\/p>\n<\/div>\n<p>Auteur: JK. Sidwaya<br \/>\n<a href=\"https:\/\/www.sidwaya.info\/blog\/2021\/11\/25\/uaco-2021-la-responsabilite-du-journaliste-au-coeur-des-echanges\/\">Cliquez ici pour lire l&rsquo;article depuis sa source.<\/a><\/p>\n","protected":false},"excerpt":{"rendered":"<p>Les Universit\u00e9s africaines de la communication de Ouagadougou (UACO) ont ouvert leurs portes, le jeudi 25 novembre 2021. Cette rencontre, qui se tient en 48 heures, va servir de cadre pour les professionnels de m\u00e9dias de se pencher sur l\u2019information et la communication dans un contexte de d\u00e9fis s\u00e9curitaire et sanitaire en Afrique. \u00abLes responsabilit\u00e9s [&hellip;]<\/p>\n","protected":false},"author":1816,"featured_media":0,"comment_status":"closed","ping_status":"closed","sticky":false,"template":"","format":"standard","meta":{"fifu_image_url":"https:\/\/www.sidwaya.info\/wp-content\/uploads\/2021\/11\/uaco1-300x194.gif","fifu_image_alt":"UACO 2021 : La responsabilit\u00e9 du journaliste au c\u0153ur des \u00e9changes","footnotes":""},"categories":[73,81],"tags":[],"class_list":["post-134008","post","type-post","status-publish","format-standard","hentry","category-actualite","category-burkina-faso"],"_links":{"self":[{"href":"https:\/\/linitiative.ca\/International\/wp-json\/wp\/v2\/posts\/134008","targetHints":{"allow":["GET"]}}],"collection":[{"href":"https:\/\/linitiative.ca\/International\/wp-json\/wp\/v2\/posts"}],"about":[{"href":"https:\/\/linitiative.ca\/International\/wp-json\/wp\/v2\/types\/post"}],"author":[{"embeddable":true,"href":"https:\/\/linitiative.ca\/International\/wp-json\/wp\/v2\/users\/1816"}],"replies":[{"embeddable":true,"href":"https:\/\/linitiative.ca\/International\/wp-json\/wp\/v2\/comments?post=134008"}],"version-history":[{"count":0,"href":"https:\/\/linitiative.ca\/International\/wp-json\/wp\/v2\/posts\/134008\/revisions"}],"wp:attachment":[{"href":"https:\/\/linitiative.ca\/International\/wp-json\/wp\/v2\/media?parent=134008"}],"wp:term":[{"taxonomy":"category","embeddable":true,"href":"https:\/\/linitiative.ca\/International\/wp-json\/wp\/v2\/categories?post=134008"},{"taxonomy":"post_tag","embeddable":true,"href":"https:\/\/linitiative.ca\/International\/wp-json\/wp\/v2\/tags?post=134008"}],"curies":[{"name":"wp","href":"https:\/\/api.w.org\/{rel}","templated":true}]}}