{"id":13401,"date":"2019-02-12T09:33:27","date_gmt":"2019-02-12T14:33:27","guid":{"rendered":"https:\/\/linitiative.ca\/International\/ouargla-salon-de-lagriculture-de-lindustrie-de-transformation-et-de-linvestissement-en-mars-prochain\/"},"modified":"2019-02-12T09:33:27","modified_gmt":"2019-02-12T14:33:27","slug":"ouargla-salon-de-lagriculture-de-lindustrie-de-transformation-et-de-linvestissement-en-mars-prochain","status":"publish","type":"post","link":"https:\/\/linitiative.ca\/International\/ouargla-salon-de-lagriculture-de-lindustrie-de-transformation-et-de-linvestissement-en-mars-prochain\/","title":{"rendered":"Ouargla: salon de l\u2019agriculture, de l&rsquo;industrie de transformation et de l\u2019investissement en mars prochain"},"content":{"rendered":"<div>\n<div class=\"K2FeedImage\"><img decoding=\"async\" src=\"http:\/\/www.aps.dz\/media\/k2\/items\/cache\/5b1ee119188b4b8c9af6d7a76bde3a06_S.jpg\" alt=\"Ouargla: salon de l\u2019agriculture, de l'industrie de transformation et de l\u2019investissement en mars prochain\"><\/div>\n<div class=\"K2FeedIntroText\">\n<p>\u00a0OUARGLA- Un salon de l\u2019agriculture, de l\u2019industrie de transformation et de l\u2019investissement se tiendra du 9 au 11 mars prochain \u00e0 Ouargla, a-t-on appris mardi aupr\u00e8s de la direction des services agricoles\u00a0(DSA).<\/p>\n<\/div>\n<div class=\"K2FeedFullText\">\n<p>Initi\u00e9e en coordination avec la Chambre de l\u2019Agriculture de la wilaya, le salon, dans sa premi\u00e8re \u00e9dition, se tiendra \u00e0 la salle omnisports de la commune d\u2019Ain-Beida (10 km Est d\u2019Ouargla) et comportera divers stands d\u2019exposition d\u2019\u00e9quipements et mat\u00e9riels agricoles, des \u00e9chantillons\u00a0d\u2019intrants et de produits phytosanitaires, ainsi que des produits agricoles et autres.<\/p>\n<p>Il devra constituer une occasion pour valoriser les potentialit\u00e9s de la r\u00e9gion en mati\u00e8re d\u2019investissement agricole et de production agricole diverse, dont l\u2019\u00e9tendue des terres arables et la disponibilit\u00e9 de la ressource hydrique.<\/p>\n<p>Il constituera aussi un espace de rencontre entre professionnels et investisseurs activant dans le domaine pour des \u00e9changes d\u2019id\u00e9es et d\u2019exp\u00e9riences sur les voies de d\u00e9veloppement agricole, \u00ab\u00a0v\u00e9ritable challenge\u00a0\u00bb en vue de diversifier l\u2019\u00e9conomie nationale et de s\u2019orienter vers les exportations hors hydrocarbures, indiquent les organisateurs.<\/p>\n<p>Plusieurs communications seront anim\u00e9es dans le cadre de ce salon sur, entre autres, les voies de promotion de l\u2019agriculture saharienne, le foncier agricole et l\u2019apport des \u00e9nergies renouvelables dans le d\u00e9veloppement de l\u2019agriculture.<\/p>\n<p>Le salon contribuera \u00e0 l\u2019ouverture de nouveaux horizons pour le d\u00e9veloppement de la fili\u00e8re agricole dans al r\u00e9gion, notamment dans le domaine de l\u2019investissement et de la mise en place d\u2019une industrie de transformation agro-alimentaire, estime le pr\u00e9sident de la Chambre de l\u2019Agriculture, Okba Choukri Bouziani.<\/p>\n<p>La pr\u00e9sence d\u2019une trentaine de responsables entre directeurs des services agricoles et pr\u00e9sidents de Chambres de l\u2019Agriculture de dix (10) wilaya du Sud \u00e0 cette manifestation \u00e9conomique, traduit l\u2019int\u00e9r\u00eat port\u00e9 par les pouvoirs publics au d\u00e9veloppement de la production agricole et sera une opportunit\u00e9 d\u2019\u00e9tude des m\u00e9canismes de d\u00e9veloppement du secteur, \u00e0 moyen et long termes, a-t-il ajout\u00e9.<\/p>\n<p>L\u2019agriculture dans la wilaya d\u2019Ouargla s\u2019articule, outre sa production de dattes, sur quatre fili\u00e8res (c\u00e9r\u00e9ales, pommes de terre, agrumes et plasticulture).<\/p>\n<p>\u00a0<\/p>\n<p>\u00a0<\/p>\n<p>\u00a0<\/p>\n<p>\u00a0<\/p>\n<\/div>\n<\/div>\n<p><a href=\"http:\/\/www.aps.dz\/regions\/85446-ouargla-salon-de-l-agriculture-de-l-industrie-de-transformation-et-de-l-investissement-en-mars-prochain\">Cliquez ici pour lire l&rsquo;article depuis sa source.<\/a><br \/>\nAuteur: <\/p>\n","protected":false},"excerpt":{"rendered":"<p>\u00a0OUARGLA- Un salon de l\u2019agriculture, de l\u2019industrie de transformation et de l\u2019investissement se tiendra du 9 au 11 mars prochain \u00e0 Ouargla, a-t-on appris mardi aupr\u00e8s de la direction des services agricoles\u00a0(DSA). Initi\u00e9e en coordination avec la Chambre de l\u2019Agriculture de la wilaya, le salon, dans sa premi\u00e8re \u00e9dition, se tiendra \u00e0 la salle omnisports [&hellip;]<\/p>\n","protected":false},"author":1790,"featured_media":13402,"comment_status":"closed","ping_status":"closed","sticky":false,"template":"","format":"standard","meta":{"fifu_image_url":"","fifu_image_alt":"","footnotes":""},"categories":[53,76],"tags":[],"class_list":["post-13401","post","type-post","status-publish","format-standard","has-post-thumbnail","hentry","category-algerie","category-regions"],"_links":{"self":[{"href":"https:\/\/linitiative.ca\/International\/wp-json\/wp\/v2\/posts\/13401","targetHints":{"allow":["GET"]}}],"collection":[{"href":"https:\/\/linitiative.ca\/International\/wp-json\/wp\/v2\/posts"}],"about":[{"href":"https:\/\/linitiative.ca\/International\/wp-json\/wp\/v2\/types\/post"}],"author":[{"embeddable":true,"href":"https:\/\/linitiative.ca\/International\/wp-json\/wp\/v2\/users\/1790"}],"replies":[{"embeddable":true,"href":"https:\/\/linitiative.ca\/International\/wp-json\/wp\/v2\/comments?post=13401"}],"version-history":[{"count":0,"href":"https:\/\/linitiative.ca\/International\/wp-json\/wp\/v2\/posts\/13401\/revisions"}],"wp:featuredmedia":[{"embeddable":true,"href":"https:\/\/linitiative.ca\/International\/wp-json\/"}],"wp:attachment":[{"href":"https:\/\/linitiative.ca\/International\/wp-json\/wp\/v2\/media?parent=13401"}],"wp:term":[{"taxonomy":"category","embeddable":true,"href":"https:\/\/linitiative.ca\/International\/wp-json\/wp\/v2\/categories?post=13401"},{"taxonomy":"post_tag","embeddable":true,"href":"https:\/\/linitiative.ca\/International\/wp-json\/wp\/v2\/tags?post=13401"}],"curies":[{"name":"wp","href":"https:\/\/api.w.org\/{rel}","templated":true}]}}