{"id":134010,"date":"2021-11-25T17:43:06","date_gmt":"2021-11-25T22:43:06","guid":{"rendered":"https:\/\/linitiative.ca\/International\/drame-dinata-les-resultats-de-lenquete-administrative-attendus-la-semaine-prochaine\/"},"modified":"2021-11-25T17:43:06","modified_gmt":"2021-11-25T22:43:06","slug":"drame-dinata-les-resultats-de-lenquete-administrative-attendus-la-semaine-prochaine","status":"publish","type":"post","link":"https:\/\/linitiative.ca\/International\/drame-dinata-les-resultats-de-lenquete-administrative-attendus-la-semaine-prochaine\/","title":{"rendered":"Drame d\u2019Inata : Les r\u00e9sultats de l\u2019enqu\u00eate administrative attendus la semaine prochaine"},"content":{"rendered":"<div>\n<p><strong>Le Conseil des ministres s\u2019est tenu, le jeudi 25 novembre 2021 sous la pr\u00e9sidence du chef de l\u2019\u00c9tat, Roch Marc Christian Kabor\u00e9. Plusieurs d\u00e9cisions ont \u00e9t\u00e9 prises, dont le report de la comm\u00e9moration de la f\u00eate de l\u2019ind\u00e9pendance \u00e0 Ziniar\u00e9 \u00e0 2022.<\/strong><\/p>\n<p>La c\u00e9l\u00e9bration de la f\u00eate de l\u2019ind\u00e9pendance pr\u00e9vue cette ann\u00e9e \u00e0 Ziniar\u00e9 dans le Plateau central n\u2019aura pas lieu. Le conseil des ministres, en sa s\u00e9ance du jeudi 25 novembre 2021 a, en effet, d\u00e9cid\u00e9 du report des festivit\u00e9s de la c\u00e9l\u00e9bration \u00e0 l\u2019ann\u00e9e prochaine. Ainsi donc, la grande parade civilo-militaire et toutes les activit\u00e9s culturelles et sporti-ves organis\u00e9es habituel-lement seront remplac\u00e9es par une c\u00e9r\u00e9monie sobre de prise d\u2019armes et de d\u00e9corations dans les 13 r\u00e9gions du pays.<\/p>\n<p>Des explications donn\u00e9es par le ministre de la Communication et des Relations avec le parlement, porte-parole du gouverne-ment, Ouss\u00e9ni Tamboura, cette d\u00e9cision fait suite aux deuils successifs subis par les Forces de d\u00e9fense et de s\u00e9curit\u00e9 (FDS) ces derniers jours, du fait des attaques terroristes. La d\u00e9solation et le choc li\u00e9s \u00e0 ces attaques \u00e9tant encore perceptibles au niveau de la population, le conseil a jug\u00e9 inopportun d\u2019organiser des festivit\u00e9s dans un tel contexte. En lieu et place des r\u00e9jouissances, le gouvernement a soulign\u00e9 la n\u00e9cessit\u00e9 de concentrer les \u00e9nergies sur l\u2019essentiel, c\u2019est-\u00e0-dire la lutte contre l\u2019hydre terroriste.<\/p>\n<p>Toutefois, a pr\u00e9cis\u00e9 le ministre de l\u2019Administration territoriale et de la D\u00e9centralisation, Cl\u00e9ment Sawadogo, la c\u00e9r\u00e9monie habituelle de d\u00e9coration organis\u00e9e au palais pr\u00e9sidentiel sera maintenue. Il en est de m\u00eame, a-t-il indiqu\u00e9, des conf\u00e9rences sur les sous-th\u00e8mes entrant dans le cadre du th\u00e8me g\u00e9n\u00e9ral de la c\u00e9l\u00e9bration. Ces conf\u00e9rences \u00e9tant des moments d\u2019introspection et de contribution au d\u00e9velop-pement de la nation, il n\u2019y a aucun inconv\u00e9nient, selon le ministre Sawadogo, qu\u2019elles soient annul\u00e9es.<\/p>\n<p>Au titre du minist\u00e8re de la D\u00e9fense nationale et des anciens Combattants, le gouvernement a examin\u00e9 un rapport relatif \u00e0 la mise en place d\u2019une enqu\u00eate adminis-trative sur les dys-fonctionnements constat\u00e9s \u00e0 l\u2019occasion de l\u2019attaque d\u2019Inata. Le ministre a inform\u00e9 le conseil, du d\u00e9but de cette enqu\u00eate dont les r\u00e9sultats sont attendus en d\u00e9but de semaine prochaine. Le conseil, tout en saluant la diligence du minist\u00e8re de la D\u00e9fense, s\u2019est d\u00e9sol\u00e9 des r\u00e9centes attaques de Foub\u00e9 et de Thiou qui ont malheureu-sement occasionn\u00e9 encore des pertes en vies humaines du c\u00f4t\u00e9 des FDS.administratives<\/p>\n<p>Au regard de ces \u00e9l\u00e9ments, il a encore rappel\u00e9 que le Burkina Faso est \u00e0 un tournant d\u00e9cisif dans la lutte contre le terrorisme qui n\u00e9cessite que l\u2019ensemble de la population se mobilise afin d\u2019y faire face. Report de la f\u00eate nationale \u00e0 2022 Le porte-parole du gouvernement a soulign\u00e9, \u00e0 l\u2019occasion, que la solution au terrorisme ne peut pas \u00eatre que militaire, car il peut tuer le terroriste, mais pas le terrorisme puisque c\u2019est un ph\u00e9nom\u00e8ne de soci\u00e9t\u00e9. \u00ab Il est important de porter le message de sensibilisation aux populations tout en les invitant \u00e0 la collaboration avec les FDS de sorte que l\u2019environnement socio-\u00e9conomique dans lequel elles se trouvent soit favorable \u00e0 leur engagement et \u00e0 leur sacrifice \u00bb, a-t-il soutenu.<\/p>\n<p>Il s\u2019est, par ailleurs, dit convaincu que la lutte contre le terrorisme est certes longue mais pas impossible \u00e0 gagner. La seule condition, a-t-il insist\u00e9, est que toutes les forces se mobilisent pour y arriver. Toujours dans la dynamique de lutte contre l\u2019ins\u00e9curit\u00e9, le ministre de la Communication a fait part de la d\u00e9cision du conseil de prolonger sa d\u00e9cision de suspension des services d\u2019internet mobile pour 96 heures \u00e0 compter du mercredi 24 novembre 2021 sur toute l\u2019\u00e9tendue du territoire national.<\/p>\n<p>\u00ab Au regard de la situation nationale caract\u00e9ris\u00e9e par la perte de nombreux \u00e9l\u00e9ments de d\u00e9fense et de s\u00e9curit\u00e9, nous ne pouvons pas, dans cette douleur de nos FDS leur ajouter une pression psychologique de maintien d\u2019ordre du fait des diff\u00e9rentes manifestations \u00bb, a-t-il estim\u00e9. Il a toutefois rappel\u00e9 que les services d\u2019internet fixe sont maintenus afin de permettre aux diff\u00e9rents services \u00e9conomiques de continuer \u00e0 fonctionner.<\/p>\n<p>Le gouvernement est-il conscient de l\u2019impact \u00e9conomique de cette coupure sur la population ? \u00ab Oui le gouvernement en est bien conscient \u00bb, a r\u00e9pondu le ministre qui a ajout\u00e9 que c\u2019est pour cette raison que la coupure ne concerne que l\u2019internet mobile qui pose d\u2019\u00e9normes d\u00e9sagr\u00e9ments selon le gouvernement. Il a toutefois sollicit\u00e9 la compr\u00e9hension de la population, car il s\u2019agit d\u2019une situation qui est tr\u00e8s difficile. \u00ab On n\u2019a jamais perdu autant de soldats que ces derniers jours. Il est donc de la responsabilit\u00e9 du gouverne-ment de faire en sorte qu\u2019il y ait une situation d\u2019apaise-ment afin de permettre aux FDS de se recueillir sur leurs morts \u00bb, a-t-il d\u00e9clar\u00e9.<\/p>\n<p style=\"text-align: right\"><strong>Nad\u00e8ge YAMEOGO <\/strong><\/p>\n<p>L\u2019article <a rel=\"nofollow\" href=\"https:\/\/www.sidwaya.info\/blog\/2021\/11\/25\/drame-dinata-les-resultats-de-lenquete-administrative-attendus-la-semaine-prochaine\/\">Drame d\u2019Inata : Les r\u00e9sultats de l\u2019enqu\u00eate administrative attendus la semaine prochaine<\/a> est apparu en premier sur <a rel=\"nofollow\" href=\"https:\/\/www.sidwaya.info\/\">Quotidien Sidwaya<\/a>.<\/p>\n<\/div>\n<p>Auteur: JK. Sidwaya<br \/>\n<a href=\"https:\/\/www.sidwaya.info\/blog\/2021\/11\/25\/drame-dinata-les-resultats-de-lenquete-administrative-attendus-la-semaine-prochaine\/\">Cliquez ici pour lire l&rsquo;article depuis sa source.<\/a><\/p>\n","protected":false},"excerpt":{"rendered":"<p>Le Conseil des ministres s\u2019est tenu, le jeudi 25 novembre 2021 sous la pr\u00e9sidence du chef de l\u2019\u00c9tat, Roch Marc Christian Kabor\u00e9. Plusieurs d\u00e9cisions ont \u00e9t\u00e9 prises, dont le report de la comm\u00e9moration de la f\u00eate de l\u2019ind\u00e9pendance \u00e0 Ziniar\u00e9 \u00e0 2022. La c\u00e9l\u00e9bration de la f\u00eate de l\u2019ind\u00e9pendance pr\u00e9vue cette ann\u00e9e \u00e0 Ziniar\u00e9 dans [&hellip;]<\/p>\n","protected":false},"author":1816,"featured_media":0,"comment_status":"closed","ping_status":"closed","sticky":false,"template":"","format":"standard","meta":{"fifu_image_url":"","fifu_image_alt":"","footnotes":""},"categories":[73,81],"tags":[],"class_list":["post-134010","post","type-post","status-publish","format-standard","hentry","category-actualite","category-burkina-faso"],"_links":{"self":[{"href":"https:\/\/linitiative.ca\/International\/wp-json\/wp\/v2\/posts\/134010","targetHints":{"allow":["GET"]}}],"collection":[{"href":"https:\/\/linitiative.ca\/International\/wp-json\/wp\/v2\/posts"}],"about":[{"href":"https:\/\/linitiative.ca\/International\/wp-json\/wp\/v2\/types\/post"}],"author":[{"embeddable":true,"href":"https:\/\/linitiative.ca\/International\/wp-json\/wp\/v2\/users\/1816"}],"replies":[{"embeddable":true,"href":"https:\/\/linitiative.ca\/International\/wp-json\/wp\/v2\/comments?post=134010"}],"version-history":[{"count":0,"href":"https:\/\/linitiative.ca\/International\/wp-json\/wp\/v2\/posts\/134010\/revisions"}],"wp:attachment":[{"href":"https:\/\/linitiative.ca\/International\/wp-json\/wp\/v2\/media?parent=134010"}],"wp:term":[{"taxonomy":"category","embeddable":true,"href":"https:\/\/linitiative.ca\/International\/wp-json\/wp\/v2\/categories?post=134010"},{"taxonomy":"post_tag","embeddable":true,"href":"https:\/\/linitiative.ca\/International\/wp-json\/wp\/v2\/tags?post=134010"}],"curies":[{"name":"wp","href":"https:\/\/api.w.org\/{rel}","templated":true}]}}