{"id":134011,"date":"2021-11-25T14:18:03","date_gmt":"2021-11-25T19:18:03","guid":{"rendered":"https:\/\/linitiative.ca\/International\/gambie-exhumer-le-passe-pour-penser-le-futur\/"},"modified":"2021-11-25T14:18:03","modified_gmt":"2021-11-25T19:18:03","slug":"gambie-exhumer-le-passe-pour-penser-le-futur","status":"publish","type":"post","link":"https:\/\/linitiative.ca\/International\/gambie-exhumer-le-passe-pour-penser-le-futur\/","title":{"rendered":"Gambie : exhumer le pass\u00e9 pour penser le futur"},"content":{"rendered":"<div>\n<p><img loading=\"lazy\" decoding=\"async\" width=\"728\" height=\"497\" src=\"https:\/\/linitiative.ca\/International\/wp-content\/uploads\/sites\/23\/2021\/11\/16378678838027.jpg\" class=\"attachment-post-thumbnail size-post-thumbnail wp-post-image\" alt=\"\" srcset=\"https:\/\/linitiative.ca\/International\/wp-content\/uploads\/sites\/23\/2021\/11\/16378678838027.jpg 728w, https:\/\/www.journalducameroun.com\/wp-content\/uploads\/2021\/11\/16378678838027-300x205.jpg 300w, https:\/\/www.journalducameroun.com\/wp-content\/uploads\/2021\/11\/16378678838027-645x440.jpg 645w, https:\/\/www.journalducameroun.com\/wp-content\/uploads\/2021\/11\/16378678838027-600x410.jpg 600w\" sizes=\"auto, (max-width: 728px) 100vw, 728px\"><\/p>\n<p>Le Rapport de la Commission V\u00e9rit\u00e9, R\u00e9conciliation et R\u00e9parations, remis ce jeudi au pr\u00e9sident Adama Barrow, est cens\u00e9 panser les plaies de la dictature de Yaya Jammeh.La Gambie n&rsquo;a pas d\u00e9finitivement tourn\u00e9 la page des 22 ann\u00e9es de pouvoir de Yaya Jammeh. La Commission V\u00e9rit\u00e9, R\u00e9conciliation et R\u00e9parations (TRRC, sigle en anglais) a not\u00e9 durant cette p\u00e9riode des violations flagrantes des droits humains.<\/p>\n<p>En deux ans d&rsquo;enqu\u00eate, la TRRC a pass\u00e9 \u00e0 la loupe nombre de faits commis entre le 22 juillet 1994, date de la prise du pouvoir de Jammeh \u00e0 la suite d&rsquo;un coup d&rsquo;Etat, et son d\u00e9part de la pr\u00e9sidence en janvier 2017.<\/p>\n<p>Au cours des audiences publiques de la Commission V\u00e9rit\u00e9, R\u00e9conciliation et R\u00e9parations, pr\u00e8s de 400 personnes ont comparu : victimes, auteurs pr\u00e9sum\u00e9s d&rsquo;actes r\u00e9pr\u00e9hensibles mais aussi des t\u00e9moins dont certains se trouvent maintenant en dehors du pays.<\/p>\n<p>\u00c0 la barre, les t\u00e9moignages ont mis en \u00e9vidence la froideur du r\u00e9gime de Yaya Jammeh avec des tortures, des viols, des meurtres et des disparitions forc\u00e9es. La sale besogne porterait la signature des Junglers compos\u00e9s notamment de tueurs \u00e0 gages. Ces agents rompus \u00e0 la t\u00e2che auraient entre autres massacr\u00e9 en Gambie 44 migrants ouest-africains.<\/p>\n<p>Depuis sa chute, Yaya Jammeh vit en exil en Guin\u00e9e \u00e9quatoriale. La Commission V\u00e9rit\u00e9, R\u00e9conciliation et R\u00e9parations, n\u00e9e d&rsquo;une loi vot\u00e9e par l&rsquo;Assembl\u00e9e nationale, a \u00e9t\u00e9 charg\u00e9e d&rsquo;enqu\u00eater et d&rsquo;\u00e9tablir \u00ab un dossier historique impartial sur les violations des droits de l&rsquo;Homme, mais aussi d&rsquo;envisager des r\u00e9parations pour les victimes, de promouvoir la r\u00e9conciliation et la non-r\u00e9currence \u00bb.<\/p>\n<p>Les familles des victimes r\u00e9clament justice mais le rapport de la TRRC atterrit entre les mains d&rsquo;Adama Barrow \u00e0 un peu plus d&rsquo;une semaine de l&rsquo;\u00e9lection pr\u00e9sidentielle. Le pr\u00e9sident sortant, qui brigue un second mandat, s&rsquo;est alli\u00e9 avec le parti de Yaya Jammeh. Quid alors des recommandations de la Commission V\u00e9rit\u00e9, R\u00e9conciliation et R\u00e9parations ?<\/p>\n<p>Cet article <a rel=\"nofollow\" href=\"https:\/\/www.journalducameroun.com\/gambie-exhumer-le-passe-pour-penser-le-futur\/\">Gambie : exhumer le pass\u00e9 pour penser le futur<\/a> est apparu en premier sur <a rel=\"nofollow\" href=\"https:\/\/www.journalducameroun.com\/\">Journal du Cameroun<\/a>.<\/p>\n<\/div>\n<p>Auteur: APA News<br \/>\n<a href=\"https:\/\/www.journalducameroun.com\/gambie-exhumer-le-passe-pour-penser-le-futur\/\">Cliquez ici pour lire l&rsquo;article depuis sa source.<\/a><\/p>\n","protected":false},"excerpt":{"rendered":"<p>Le Rapport de la Commission V\u00e9rit\u00e9, R\u00e9conciliation et R\u00e9parations, remis ce jeudi au pr\u00e9sident Adama Barrow, est cens\u00e9 panser les plaies de la dictature de Yaya Jammeh.La Gambie n&rsquo;a pas d\u00e9finitivement tourn\u00e9 la page des 22 ann\u00e9es de pouvoir de Yaya Jammeh. La Commission V\u00e9rit\u00e9, R\u00e9conciliation et R\u00e9parations (TRRC, sigle en anglais) a not\u00e9 durant [&hellip;]<\/p>\n","protected":false},"author":1965,"featured_media":0,"comment_status":"closed","ping_status":"closed","sticky":false,"template":"","format":"standard","meta":{"fifu_image_url":"https:\/\/www.journalducameroun.com\/wp-content\/uploads\/2021\/11\/16378678838027.jpg","fifu_image_alt":"Gambie : exhumer le pass\u00e9 pour penser le futur","footnotes":""},"categories":[73,82],"tags":[],"class_list":["post-134011","post","type-post","status-publish","format-standard","hentry","category-actualite","category-cameroun"],"_links":{"self":[{"href":"https:\/\/linitiative.ca\/International\/wp-json\/wp\/v2\/posts\/134011","targetHints":{"allow":["GET"]}}],"collection":[{"href":"https:\/\/linitiative.ca\/International\/wp-json\/wp\/v2\/posts"}],"about":[{"href":"https:\/\/linitiative.ca\/International\/wp-json\/wp\/v2\/types\/post"}],"author":[{"embeddable":true,"href":"https:\/\/linitiative.ca\/International\/wp-json\/wp\/v2\/users\/1965"}],"replies":[{"embeddable":true,"href":"https:\/\/linitiative.ca\/International\/wp-json\/wp\/v2\/comments?post=134011"}],"version-history":[{"count":0,"href":"https:\/\/linitiative.ca\/International\/wp-json\/wp\/v2\/posts\/134011\/revisions"}],"wp:attachment":[{"href":"https:\/\/linitiative.ca\/International\/wp-json\/wp\/v2\/media?parent=134011"}],"wp:term":[{"taxonomy":"category","embeddable":true,"href":"https:\/\/linitiative.ca\/International\/wp-json\/wp\/v2\/categories?post=134011"},{"taxonomy":"post_tag","embeddable":true,"href":"https:\/\/linitiative.ca\/International\/wp-json\/wp\/v2\/tags?post=134011"}],"curies":[{"name":"wp","href":"https:\/\/api.w.org\/{rel}","templated":true}]}}