{"id":134013,"date":"2021-11-25T15:18:01","date_gmt":"2021-11-25T20:18:01","guid":{"rendered":"https:\/\/linitiative.ca\/International\/senegal-1474-milliards-f-cfa-dans-les-caisses-de-la-bnde\/"},"modified":"2021-11-25T15:18:01","modified_gmt":"2021-11-25T20:18:01","slug":"senegal-1474-milliards-f-cfa-dans-les-caisses-de-la-bnde","status":"publish","type":"post","link":"https:\/\/linitiative.ca\/International\/senegal-1474-milliards-f-cfa-dans-les-caisses-de-la-bnde\/","title":{"rendered":"S\u00e9n\u00e9gal : 14,74 milliards F CFA dans les caisses de la BNDE"},"content":{"rendered":"<div>\n<p><img loading=\"lazy\" decoding=\"async\" width=\"3425\" height=\"2244\" src=\"https:\/\/linitiative.ca\/International\/wp-content\/uploads\/sites\/23\/2021\/11\/16378714813046.jpg\" class=\"attachment-post-thumbnail size-post-thumbnail wp-post-image\" alt=\"\" srcset=\"https:\/\/linitiative.ca\/International\/wp-content\/uploads\/sites\/23\/2021\/11\/16378714813046.jpg 3425w, https:\/\/www.journalducameroun.com\/wp-content\/uploads\/2021\/11\/16378714813046-300x197.jpg 300w, https:\/\/www.journalducameroun.com\/wp-content\/uploads\/2021\/11\/16378714813046-768x503.jpg 768w, https:\/\/www.journalducameroun.com\/wp-content\/uploads\/2021\/11\/16378714813046-1024x671.jpg 1024w, https:\/\/www.journalducameroun.com\/wp-content\/uploads\/2021\/11\/16378714813046-672x440.jpg 672w, https:\/\/www.journalducameroun.com\/wp-content\/uploads\/2021\/11\/16378714813046-600x393.jpg 600w\" sizes=\"auto, (max-width: 3425px) 100vw, 3425px\"><\/p>\n<p>La Banque Nationale pour le D\u00e9veloppement Economique (BNDE) et la Banque africaine de d\u00e9veloppement (Bad) ont sign\u00e9, jeudi \u00e0 Dakar, deux contrats de pr\u00eats.Les sources de financement pour les entrepreneurs s\u00e9n\u00e9galais se multiplient. Apr\u00e8s celui annonc\u00e9 hier, mercredi, par l&rsquo;Agence des \u00c9tats-Unis pour le d\u00e9veloppement international (USAID, sigle en anglais), c&rsquo;est au tour de la Banque africaine de d\u00e9veloppement (Bad) d&rsquo;apporter son soutien aux jeunes cr\u00e9ateurs du pays.<\/p>\n<p>L&rsquo;institution financi\u00e8re panafricaine vient de mettre en place une ligne de financement s&rsquo;\u00e9levant \u00e0 14,74 milliards F CFA, dont 9,82 milliards F CFA sur fonds propres et 4,9 milliards F CFA d&rsquo;Africa Growing Together Fund (AGETF), un Fonds de cofinancement de la Bad et de la Banque Populaire de Chine.<\/p>\n<p>Le financement octroy\u00e9 \u00ab sans garantie de l&rsquo;Etat \u00bb est d&rsquo;une dur\u00e9e de 6 ans dont 2 ans de diff\u00e9r\u00e9. Il s&rsquo;accompagne d&rsquo;une subvention de 200.000 euros, soit 131 millions F CFA destin\u00e9e \u00e0 la prise en charge de l&rsquo;alignement de la gestion des risques de la banque et \u00e0 la mise en place d&rsquo;un syst\u00e8me de gestion environnementale et sociale.<\/p>\n<p>Selon le ministre de l&rsquo;\u00c9conomie, du Plan et de la Coop\u00e9ration, Amadou Hott, ces pr\u00eats permettront \u00e0 la BNDE de financer un portefeuille de cr\u00e9dits d\u00e9j\u00e0 identifi\u00e9s et d&rsquo;att\u00e9nuer ses charges financi\u00e8res sur le march\u00e9 interbancaire et mon\u00e9taire.<\/p>\n<p>Ces fonds visent une cible tr\u00e8s importante dans les politiques du gouvernement \u00e0 savoir les Petites et Moyennes Industries du secteur de l&rsquo;agro-industrie \u00e0 fort potentiel de cr\u00e9ation d&#8217;emplois de femmes et jeunes, a-t-il ajout\u00e9.<\/p>\n<p>Par ailleurs, M. Hott a inform\u00e9 que les conditions du financement vont \u00e9galement permettre \u00e0 la BNDE d&rsquo;appliquer des taux de sortie acceptables, conform\u00e9ment aux orientations du pr\u00e9sident Macky Sall relatives \u00e0 l&rsquo;assouplissement des taux d&rsquo;int\u00e9r\u00eat.<\/p>\n<p>Pour la BNDE, cette convention va constituer un acc\u00e9l\u00e9rateur dans le financement des PME, a fait savoir son Directeur G\u00e9n\u00e9ral, Thierno Seydou Nourou Sy. \u00a0\u00ab Cette ligne de financement constitue pour nous un signe de reconnaissance du travail qu&rsquo;est en train de faire la BNDE. Elle nous donne plus de capacit\u00e9 d&rsquo;envergure et de notori\u00e9t\u00e9 \u00bb, s&rsquo;est f\u00e9licit\u00e9 M. Sy.<\/p>\n<p>L&rsquo;octroi de ces financements entre dans le cadre de la strat\u00e9gie 2013-2023 de la Bad, d\u00e9clin\u00e9e en cinq priorit\u00e9s, dont les trois concernent les activit\u00e9s prioritaires dans l&rsquo;utilisation de ces capitaux destin\u00e9s d&rsquo;abord \u00e0 favoriser le d\u00e9veloppement du secteur agricole, avec le financement des projets \u00e0 fort impact social et \u00e9conomique.<\/p>\n<p>La finalit\u00e9 est de favoriser la r\u00e9tention des populations dans leurs terroirs, notamment les jeunes et les femmes, mais surtout, favoriser et acc\u00e9l\u00e9rer l&rsquo;autosuffisance alimentaire. La 2e priorit\u00e9 de la Bad, impact\u00e9e par cette ligne de cr\u00e9dit, est la transformation industrielle avec une priorit\u00e9 tr\u00e8s forte donn\u00e9e \u00e0 la transformation des produits locaux en biens de consommation finaux. Ceux-ci sont destin\u00e9s aux besoins nationaux mais aussi \u00e0 l&rsquo;exportation.<\/p>\n<p>Tout cela combin\u00e9, devrait permettre d&rsquo;atteindre une autre priorit\u00e9 de la Bad, qui est d&rsquo;am\u00e9liorer la qualit\u00e9 de vie des S\u00e9n\u00e9galais en particulier et des Africains en g\u00e9n\u00e9ral. \u00ab Cette vision strat\u00e9gique que le pr\u00e9sident de la Bad, Akinwumi Adesina, a lanc\u00e9e, va \u00eatre pour nous, la feuille de route pour une utilisation optimale des fonds qui nous ont \u00e9t\u00e9 allou\u00e9s \u00bb, a assur\u00e9 le DG de la BNDE.<\/p>\n<p>Cet article <a rel=\"nofollow\" href=\"https:\/\/www.journalducameroun.com\/senegal-1474-milliards-f-cfa-dans-les-caisses-de-la-bnde\/\">S\u00e9n\u00e9gal : 14,74 milliards F CFA dans les caisses de la BNDE<\/a> est apparu en premier sur <a rel=\"nofollow\" href=\"https:\/\/www.journalducameroun.com\/\">Journal du Cameroun<\/a>.<\/p>\n<\/div>\n<p>Auteur: APA News<br \/>\n<a href=\"https:\/\/www.journalducameroun.com\/senegal-1474-milliards-f-cfa-dans-les-caisses-de-la-bnde\/\">Cliquez ici pour lire l&rsquo;article depuis sa source.<\/a><\/p>\n","protected":false},"excerpt":{"rendered":"<p>La Banque Nationale pour le D\u00e9veloppement Economique (BNDE) et la Banque africaine de d\u00e9veloppement (Bad) ont sign\u00e9, jeudi \u00e0 Dakar, deux contrats de pr\u00eats.Les sources de financement pour les entrepreneurs s\u00e9n\u00e9galais se multiplient. Apr\u00e8s celui annonc\u00e9 hier, mercredi, par l&rsquo;Agence des \u00c9tats-Unis pour le d\u00e9veloppement international (USAID, sigle en anglais), c&rsquo;est au tour de la [&hellip;]<\/p>\n","protected":false},"author":1965,"featured_media":0,"comment_status":"closed","ping_status":"closed","sticky":false,"template":"","format":"standard","meta":{"fifu_image_url":"https:\/\/www.journalducameroun.com\/wp-content\/uploads\/2021\/11\/16378714813046.jpg","fifu_image_alt":"S\u00e9n\u00e9gal : 14,74 milliards F CFA dans les caisses de la BNDE","footnotes":""},"categories":[73,82],"tags":[],"class_list":["post-134013","post","type-post","status-publish","format-standard","hentry","category-actualite","category-cameroun"],"_links":{"self":[{"href":"https:\/\/linitiative.ca\/International\/wp-json\/wp\/v2\/posts\/134013","targetHints":{"allow":["GET"]}}],"collection":[{"href":"https:\/\/linitiative.ca\/International\/wp-json\/wp\/v2\/posts"}],"about":[{"href":"https:\/\/linitiative.ca\/International\/wp-json\/wp\/v2\/types\/post"}],"author":[{"embeddable":true,"href":"https:\/\/linitiative.ca\/International\/wp-json\/wp\/v2\/users\/1965"}],"replies":[{"embeddable":true,"href":"https:\/\/linitiative.ca\/International\/wp-json\/wp\/v2\/comments?post=134013"}],"version-history":[{"count":0,"href":"https:\/\/linitiative.ca\/International\/wp-json\/wp\/v2\/posts\/134013\/revisions"}],"wp:attachment":[{"href":"https:\/\/linitiative.ca\/International\/wp-json\/wp\/v2\/media?parent=134013"}],"wp:term":[{"taxonomy":"category","embeddable":true,"href":"https:\/\/linitiative.ca\/International\/wp-json\/wp\/v2\/categories?post=134013"},{"taxonomy":"post_tag","embeddable":true,"href":"https:\/\/linitiative.ca\/International\/wp-json\/wp\/v2\/tags?post=134013"}],"curies":[{"name":"wp","href":"https:\/\/api.w.org\/{rel}","templated":true}]}}