{"id":134015,"date":"2021-11-25T17:18:02","date_gmt":"2021-11-25T22:18:02","guid":{"rendered":"https:\/\/linitiative.ca\/International\/le-maroc-soutient-la-candidature-de-la-sierra-leone-pour-un-siege-de-membre-non-permanent-au-cs-de-lonu-en-2023\/"},"modified":"2021-11-25T17:18:02","modified_gmt":"2021-11-25T22:18:02","slug":"le-maroc-soutient-la-candidature-de-la-sierra-leone-pour-un-siege-de-membre-non-permanent-au-cs-de-lonu-en-2023","status":"publish","type":"post","link":"https:\/\/linitiative.ca\/International\/le-maroc-soutient-la-candidature-de-la-sierra-leone-pour-un-siege-de-membre-non-permanent-au-cs-de-lonu-en-2023\/","title":{"rendered":"Le Maroc soutient la candidature de la Sierra Leone pour un si\u00e8ge de membre non permanent au CS de l\u2019ONU en 2023"},"content":{"rendered":"<div>\n<p><img loading=\"lazy\" decoding=\"async\" width=\"1280\" height=\"861\" src=\"https:\/\/linitiative.ca\/International\/wp-content\/uploads\/sites\/23\/2021\/11\/16378786823834.jpg\" class=\"attachment-post-thumbnail size-post-thumbnail wp-post-image\" alt=\"\" srcset=\"https:\/\/linitiative.ca\/International\/wp-content\/uploads\/sites\/23\/2021\/11\/16378786823834.jpg 1280w, https:\/\/www.journalducameroun.com\/wp-content\/uploads\/2021\/11\/16378786823834-300x202.jpg 300w, https:\/\/www.journalducameroun.com\/wp-content\/uploads\/2021\/11\/16378786823834-768x517.jpg 768w, https:\/\/www.journalducameroun.com\/wp-content\/uploads\/2021\/11\/16378786823834-1024x689.jpg 1024w, https:\/\/www.journalducameroun.com\/wp-content\/uploads\/2021\/11\/16378786823834-654x440.jpg 654w, https:\/\/www.journalducameroun.com\/wp-content\/uploads\/2021\/11\/16378786823834-600x404.jpg 600w\" sizes=\"auto, (max-width: 1280px) 100vw, 1280px\"><\/p>\n<p>Le ministre marocain des Affaires \u00e9trang\u00e8res, Nasser Bourita, a eu des entretiens, jeudi \u00e0 Rabat, avec son homologue sierra-l\u00e9onais, David Francis, ax\u00e9s sur nombre de questions bilat\u00e9rales et r\u00e9gionales.Lors d&rsquo;un point de presse conjoint, M. Bourita a qualifi\u00e9 de \u00ab\u00a0tr\u00e8s positive\u00a0\u00bb cette entrevue qui vient consacrer la dynamique remarquable que connaissent les relations entre les deux pays.<\/p>\n<p>Selon lui, les relations bilat\u00e9rales ont connu une \u00e9volution notable, rappelant la derni\u00e8re visite au Maroc de son homologue sierra-l\u00e9onais, au cours de laquelle ils avaient convenu de la tenue de la Haute commission mixte lors du premier trimestre 2022 \u00e0 Freetown, parall\u00e8lement \u00e0 un Forum des hommes d&rsquo;affaires, dans le but de booster la coop\u00e9ration entre les deux pays.<\/p>\n<p>Lors de cette visite, les deux parties ont sign\u00e9 une feuille de route de coop\u00e9ration bilat\u00e9rale qui s&rsquo;\u00e9tend sur les deux prochaines ann\u00e9es et entam\u00e9 la mise en \u0153uvre des \u00e9l\u00e9ments la composant dans les domaines de la formation, de la collaboration sectorielle et de la coordination des positions concernant nombre de questions, a fait savoir le ministre marocain.<\/p>\n<p>Les deux parties, poursuit M. Bourita, ont \u00e9galement \u00e9voqu\u00e9 plusieurs autres questions, notamment la r\u00e9gion du fleuve Mano, \u00e0 laquelle le Souverain marocain attache un int\u00e9r\u00eat particulier depuis bien d&rsquo;ann\u00e9es au vu des relations particuli\u00e8res que le Maroc entretient avec les pays formant l&rsquo;Union du fleuve et eu \u00e9gard au r\u00f4le que le Maroc avait jou\u00e9 pour apaiser les tensions entre ses Etats lors d&rsquo;une p\u00e9riode ant\u00e9rieure.<\/p>\n<p>Le r\u00f4le de la Sierra Leone lors de la p\u00e9riode \u00e0 venir a \u00e9t\u00e9 \u00e9galement abord\u00e9, Freetown briguant un si\u00e8ge de membre non permanent au sein du Conseil de s\u00e9curit\u00e9 de l&rsquo;ONU \u00e0 partir de l&rsquo;ann\u00e9e 2023.<\/p>\n<p>Pour sa part, M. Francis s&rsquo;est r\u00e9joui d&rsquo;une discussion \u00ab\u00a0tr\u00e8s \u00e9largie\u00a0\u00bb qui a permis de scruter les voies de renforcer les relations \u00ab\u00a0particuli\u00e8res et sp\u00e9ciales\u00a0\u00bb unissant le Maroc et la Sierra L\u00e9one et d&rsquo;en \u00e9tendre l&rsquo;\u00e9ventail.<\/p>\n<p>\u00c9voquant le r\u00f4le du Maroc en rapport avec l&rsquo;Union du Fleuve Mano, le ministre sierra-l\u00e9onais a affirm\u00e9 que le Royaume ne cesse d&rsquo;appuyer ce groupement et y apporte une \u00ab\u00a0garantie morale\u00a0\u00bb, soulignant que les faits sont \u00ab\u00a0clairs\u00a0\u00bb et que le Maroc et le Roi personnellement jouent un r\u00f4le \u00ab\u00a0tr\u00e8s important\u00a0\u00bb dans le cadre du fonctionnement de ce bloc.<\/p>\n<p>Il a, par ailleurs, salu\u00e9 l&rsquo;appui du Maroc \u00e0 la Sierra Leone en mati\u00e8re de renforcement des capacit\u00e9s \u00e0 travers, entre autres actions, l&rsquo;octroi de bourses aux \u00e9tudiants sierra-l\u00e9onais.<\/p>\n<p>Sur un autre registre, M. Francis a dit aspirer avec \u00ab\u00a0grand int\u00e9r\u00eat\u00a0\u00bb \u00e0 l&rsquo;op\u00e9rationnalisation de la commission mixte, un m\u00e9canisme important pour identifier les \u00e9l\u00e9ments cl\u00e9s du renforcement de la coop\u00e9ration entre Rabat et Freetown.<\/p>\n<p>Le chef de la diplomatie sierra-l\u00e9onaise s&rsquo;est f\u00e9licit\u00e9 aussi du soutien du Maroc, \u00e0 la candidature de son pays pour int\u00e9grer l&rsquo;organe ex\u00e9cutif de l&rsquo;ONU.<\/p>\n<p>Cet article <a rel=\"nofollow\" href=\"https:\/\/www.journalducameroun.com\/le-maroc-soutient-la-candidature-de-la-sierra-leone-pour-un-siege-de-membre-non-permanent-au-cs-de-lonu-en-2023\/\">Le Maroc soutient la candidature de la Sierra Leone pour un si\u00e8ge de membre non permanent au CS de l\u2019ONU en 2023<\/a> est apparu en premier sur <a rel=\"nofollow\" href=\"https:\/\/www.journalducameroun.com\/\">Journal du Cameroun<\/a>.<\/p>\n<\/div>\n<p>Auteur: APA News<br \/>\n<a href=\"https:\/\/www.journalducameroun.com\/le-maroc-soutient-la-candidature-de-la-sierra-leone-pour-un-siege-de-membre-non-permanent-au-cs-de-lonu-en-2023\/\">Cliquez ici pour lire l&rsquo;article depuis sa source.<\/a><\/p>\n","protected":false},"excerpt":{"rendered":"<p>Le ministre marocain des Affaires \u00e9trang\u00e8res, Nasser Bourita, a eu des entretiens, jeudi \u00e0 Rabat, avec son homologue sierra-l\u00e9onais, David Francis, ax\u00e9s sur nombre de questions bilat\u00e9rales et r\u00e9gionales.Lors d&rsquo;un point de presse conjoint, M. Bourita a qualifi\u00e9 de \u00ab\u00a0tr\u00e8s positive\u00a0\u00bb cette entrevue qui vient consacrer la dynamique remarquable que connaissent les relations entre les [&hellip;]<\/p>\n","protected":false},"author":1965,"featured_media":0,"comment_status":"closed","ping_status":"closed","sticky":false,"template":"","format":"standard","meta":{"fifu_image_url":"https:\/\/www.journalducameroun.com\/wp-content\/uploads\/2021\/11\/16378786823834.jpg","fifu_image_alt":"Le Maroc soutient la candidature de la Sierra Leone pour un si\u00e8ge de membre non permanent au CS de l\u2019ONU en 2023","footnotes":""},"categories":[73,82],"tags":[],"class_list":["post-134015","post","type-post","status-publish","format-standard","hentry","category-actualite","category-cameroun"],"_links":{"self":[{"href":"https:\/\/linitiative.ca\/International\/wp-json\/wp\/v2\/posts\/134015","targetHints":{"allow":["GET"]}}],"collection":[{"href":"https:\/\/linitiative.ca\/International\/wp-json\/wp\/v2\/posts"}],"about":[{"href":"https:\/\/linitiative.ca\/International\/wp-json\/wp\/v2\/types\/post"}],"author":[{"embeddable":true,"href":"https:\/\/linitiative.ca\/International\/wp-json\/wp\/v2\/users\/1965"}],"replies":[{"embeddable":true,"href":"https:\/\/linitiative.ca\/International\/wp-json\/wp\/v2\/comments?post=134015"}],"version-history":[{"count":0,"href":"https:\/\/linitiative.ca\/International\/wp-json\/wp\/v2\/posts\/134015\/revisions"}],"wp:attachment":[{"href":"https:\/\/linitiative.ca\/International\/wp-json\/wp\/v2\/media?parent=134015"}],"wp:term":[{"taxonomy":"category","embeddable":true,"href":"https:\/\/linitiative.ca\/International\/wp-json\/wp\/v2\/categories?post=134015"},{"taxonomy":"post_tag","embeddable":true,"href":"https:\/\/linitiative.ca\/International\/wp-json\/wp\/v2\/tags?post=134015"}],"curies":[{"name":"wp","href":"https:\/\/api.w.org\/{rel}","templated":true}]}}