{"id":134017,"date":"2021-11-25T17:18:02","date_gmt":"2021-11-25T22:18:02","guid":{"rendered":"https:\/\/linitiative.ca\/International\/covid-19-la-decision-de-suspendre-les-vols-directs-en-provenance-de-la-france-decalee-jusquau-dimanche-prochain\/"},"modified":"2021-11-25T17:18:02","modified_gmt":"2021-11-25T22:18:02","slug":"covid-19-la-decision-de-suspendre-les-vols-directs-en-provenance-de-la-france-decalee-jusquau-dimanche-prochain","status":"publish","type":"post","link":"https:\/\/linitiative.ca\/International\/covid-19-la-decision-de-suspendre-les-vols-directs-en-provenance-de-la-france-decalee-jusquau-dimanche-prochain\/","title":{"rendered":"Covid-19 : La d\u00e9cision de suspendre les vols directs en provenance de la France d\u00e9cal\u00e9e jusqu\u2019au dimanche prochain"},"content":{"rendered":"<div>\n<p><img loading=\"lazy\" decoding=\"async\" width=\"615\" height=\"330\" src=\"https:\/\/linitiative.ca\/International\/wp-content\/uploads\/sites\/23\/2021\/11\/16378786825966.jpg\" class=\"attachment-post-thumbnail size-post-thumbnail wp-post-image\" alt=\"\" srcset=\"https:\/\/linitiative.ca\/International\/wp-content\/uploads\/sites\/23\/2021\/11\/16378786825966.jpg 615w, https:\/\/www.journalducameroun.com\/wp-content\/uploads\/2021\/11\/16378786825966-300x161.jpg 300w, https:\/\/www.journalducameroun.com\/wp-content\/uploads\/2021\/11\/16378786825966-600x322.jpg 600w\" sizes=\"auto, (max-width: 615px) 100vw, 615px\"><\/p>\n<p>La d\u00e9cision des autorit\u00e9s marocaines de suspendre les vols directs en provenance de la France a \u00e9t\u00e9 d\u00e9cal\u00e9e jusqu&rsquo;au dimanche 28 novembre jusqu&rsquo;\u00e0 23h59 au lieu du vendredi 26 novembre 2021, indique, jeudi soir, le Comit\u00e9 interminist\u00e9riel de coordination et de suivi du dispositif r\u00e9gissant les voyages internationaux pendant la pand\u00e9mie.La d\u00e9cision de d\u00e9caler \u00e0 dimanche la suspension des vols directs en provenance de la France vise \u00e0 faciliter l&rsquo;op\u00e9ration de retour des citoyens marocains et des \u00e9trangers r\u00e9sidant au Maroc, pr\u00e9cise le Comit\u00e9 interminist\u00e9riel.<\/p>\n<p>La d\u00e9cision de suspendre les vols entre le Maroc et la France intervient afin de pr\u00e9server les acquis du Royaume en mati\u00e8re de gestion de la pand\u00e9mie de Covid-19 et pour faire face \u00e0 la d\u00e9gradation de la situation sanitaire dans certains pays du voisinage europ\u00e9en.<\/p>\n<p>La d\u00e9cision, prise ce jeudi, des autorit\u00e9s marocaines de suspendre les vols r\u00e9guliers de passagers \u00e0 destination et en provenance de la France restera effective jusqu&rsquo;\u00e0 nouvel ordre. Elle intervient alors que la France, qui fait face \u00e0 la cinqui\u00e8me vague a annonc\u00e9, ce jeudi 25 novembre 2021, un durcissement des contraintes et s&rsquo;appr\u00eate \u00e0 ouvrir le rappel de la vaccination contre le Covid-19, le plus souvent la troisi\u00e8me dose, \u00e0 tous les adultes d\u00e8s 5 mois apr\u00e8s leur derni\u00e8re injection, a annonc\u00e9 le ministre de la Sant\u00e9, Olivier V\u00e9ran.<\/p>\n<p>Le nombre de nouvelles contaminations en France a presque quintupl\u00e9 en l&rsquo;espace d&rsquo;un mois, passant de 6.603 cas le 26 octobre 2021 \u00e0 32.591 le 24 novembre 2021. Environ 8.000 classes en \u00e9coles primaires sont actuellement ferm\u00e9es en France o\u00f9 le Covid-19 a d\u00e9j\u00e0 tu\u00e9 plus de 118.000 personnes.<\/p>\n<p>Cet article <a rel=\"nofollow\" href=\"https:\/\/www.journalducameroun.com\/covid-19-la-decision-de-suspendre-les-vols-directs-en-provenance-de-la-france-decalee-jusquau-dimanche-prochain\/\">Covid-19 : La d\u00e9cision de suspendre les vols directs en provenance de la France d\u00e9cal\u00e9e jusqu\u2019au dimanche prochain<\/a> est apparu en premier sur <a rel=\"nofollow\" href=\"https:\/\/www.journalducameroun.com\/\">Journal du Cameroun<\/a>.<\/p>\n<\/div>\n<p>Auteur: APA News<br \/>\n<a href=\"https:\/\/www.journalducameroun.com\/covid-19-la-decision-de-suspendre-les-vols-directs-en-provenance-de-la-france-decalee-jusquau-dimanche-prochain\/\">Cliquez ici pour lire l&rsquo;article depuis sa source.<\/a><\/p>\n","protected":false},"excerpt":{"rendered":"<p>La d\u00e9cision des autorit\u00e9s marocaines de suspendre les vols directs en provenance de la France a \u00e9t\u00e9 d\u00e9cal\u00e9e jusqu&rsquo;au dimanche 28 novembre jusqu&rsquo;\u00e0 23h59 au lieu du vendredi 26 novembre 2021, indique, jeudi soir, le Comit\u00e9 interminist\u00e9riel de coordination et de suivi du dispositif r\u00e9gissant les voyages internationaux pendant la pand\u00e9mie.La d\u00e9cision de d\u00e9caler \u00e0 [&hellip;]<\/p>\n","protected":false},"author":1965,"featured_media":0,"comment_status":"closed","ping_status":"closed","sticky":false,"template":"","format":"standard","meta":{"fifu_image_url":"https:\/\/www.journalducameroun.com\/wp-content\/uploads\/2021\/11\/16378786825966.jpg","fifu_image_alt":"Covid-19 : La d\u00e9cision de suspendre les vols directs en provenance de la France d\u00e9cal\u00e9e jusqu\u2019au dimanche prochain","footnotes":""},"categories":[73,82],"tags":[],"class_list":["post-134017","post","type-post","status-publish","format-standard","hentry","category-actualite","category-cameroun"],"_links":{"self":[{"href":"https:\/\/linitiative.ca\/International\/wp-json\/wp\/v2\/posts\/134017","targetHints":{"allow":["GET"]}}],"collection":[{"href":"https:\/\/linitiative.ca\/International\/wp-json\/wp\/v2\/posts"}],"about":[{"href":"https:\/\/linitiative.ca\/International\/wp-json\/wp\/v2\/types\/post"}],"author":[{"embeddable":true,"href":"https:\/\/linitiative.ca\/International\/wp-json\/wp\/v2\/users\/1965"}],"replies":[{"embeddable":true,"href":"https:\/\/linitiative.ca\/International\/wp-json\/wp\/v2\/comments?post=134017"}],"version-history":[{"count":0,"href":"https:\/\/linitiative.ca\/International\/wp-json\/wp\/v2\/posts\/134017\/revisions"}],"wp:attachment":[{"href":"https:\/\/linitiative.ca\/International\/wp-json\/wp\/v2\/media?parent=134017"}],"wp:term":[{"taxonomy":"category","embeddable":true,"href":"https:\/\/linitiative.ca\/International\/wp-json\/wp\/v2\/categories?post=134017"},{"taxonomy":"post_tag","embeddable":true,"href":"https:\/\/linitiative.ca\/International\/wp-json\/wp\/v2\/tags?post=134017"}],"curies":[{"name":"wp","href":"https:\/\/api.w.org\/{rel}","templated":true}]}}