{"id":134019,"date":"2021-11-25T17:18:03","date_gmt":"2021-11-25T22:18:03","guid":{"rendered":"https:\/\/linitiative.ca\/International\/covid-19-le-maroc-suspend-jusqua-nouvel-ordre-ses-vols-reguliers-de-et-vers-la-france\/"},"modified":"2021-11-25T17:18:03","modified_gmt":"2021-11-25T22:18:03","slug":"covid-19-le-maroc-suspend-jusqua-nouvel-ordre-ses-vols-reguliers-de-et-vers-la-france","status":"publish","type":"post","link":"https:\/\/linitiative.ca\/International\/covid-19-le-maroc-suspend-jusqua-nouvel-ordre-ses-vols-reguliers-de-et-vers-la-france\/","title":{"rendered":"Covid-19 : Le Maroc suspend jusqu\u2019\u00e0 nouvel ordre ses vols r\u00e9guliers de et vers la France"},"content":{"rendered":"<div>\n<p><img loading=\"lazy\" decoding=\"async\" width=\"615\" height=\"330\" src=\"https:\/\/linitiative.ca\/International\/wp-content\/uploads\/sites\/23\/2021\/11\/16378786837348.jpg\" class=\"attachment-post-thumbnail size-post-thumbnail wp-post-image\" alt=\"\" srcset=\"https:\/\/linitiative.ca\/International\/wp-content\/uploads\/sites\/23\/2021\/11\/16378786837348.jpg 615w, https:\/\/www.journalducameroun.com\/wp-content\/uploads\/2021\/11\/16378786837348-300x161.jpg 300w, https:\/\/www.journalducameroun.com\/wp-content\/uploads\/2021\/11\/16378786837348-600x322.jpg 600w\" sizes=\"auto, (max-width: 615px) 100vw, 615px\"><\/p>\n<p>Les autorit\u00e9s marocaines ont d\u00e9cid\u00e9 de suspendre les vols r\u00e9guliers de passagers \u00e0 destination et en provenance de la France \u00e0 partir du vendredi 26 novembre \u00e0 23h59, indique, jeudi, le Comit\u00e9 interminist\u00e9riel de coordination et de suivi du dispositif r\u00e9gissant les voyages internationaux pendant la pand\u00e9mie.Cette d\u00e9cision intervient afin de pr\u00e9server les acquis du Maroc en mati\u00e8re de gestion de la pand\u00e9mie de la Covid-19 et pour faire face \u00e0 la d\u00e9gradation de la situation sanitaire dans certains pays du voisinage europ\u00e9en, pr\u00e9cise le Comit\u00e9 interminist\u00e9riel dans un communiqu\u00e9.<\/p>\n<p>La suspension entrera en vigueur \u00e0 partir du 26 novembre 2021 \u00e0 23h59, et ce, jusqu&rsquo;\u00e0 nouvel ordre, souligne la m\u00eame source.<\/p>\n<p>Depuis le d\u00e9but du d&rsquo;octobre, la France face \u00e0 une 5\u00e8me vague de l&rsquo;\u00e9pid\u00e9mie associ\u00e9e au variant Delta. La hausse consid\u00e9rable des contaminations a d&rsquo;ailleurs pouss\u00e9 le gouvernement d&rsquo;Emmanuel Macron \u00e0 mettre en place, ce jeudi, de nouvelles mesures restrictives pour contenir la pand\u00e9mie.<\/p>\n<p>Cet article <a rel=\"nofollow\" href=\"https:\/\/www.journalducameroun.com\/covid-19-le-maroc-suspend-jusqua-nouvel-ordre-ses-vols-reguliers-de-et-vers-la-france\/\">Covid-19 : Le Maroc suspend jusqu\u2019\u00e0 nouvel ordre ses vols r\u00e9guliers de et vers la France<\/a> est apparu en premier sur <a rel=\"nofollow\" href=\"https:\/\/www.journalducameroun.com\/\">Journal du Cameroun<\/a>.<\/p>\n<\/div>\n<p>Auteur: APA News<br \/>\n<a href=\"https:\/\/www.journalducameroun.com\/covid-19-le-maroc-suspend-jusqua-nouvel-ordre-ses-vols-reguliers-de-et-vers-la-france\/\">Cliquez ici pour lire l&rsquo;article depuis sa source.<\/a><\/p>\n","protected":false},"excerpt":{"rendered":"<p>Les autorit\u00e9s marocaines ont d\u00e9cid\u00e9 de suspendre les vols r\u00e9guliers de passagers \u00e0 destination et en provenance de la France \u00e0 partir du vendredi 26 novembre \u00e0 23h59, indique, jeudi, le Comit\u00e9 interminist\u00e9riel de coordination et de suivi du dispositif r\u00e9gissant les voyages internationaux pendant la pand\u00e9mie.Cette d\u00e9cision intervient afin de pr\u00e9server les acquis du [&hellip;]<\/p>\n","protected":false},"author":1965,"featured_media":0,"comment_status":"closed","ping_status":"closed","sticky":false,"template":"","format":"standard","meta":{"fifu_image_url":"https:\/\/www.journalducameroun.com\/wp-content\/uploads\/2021\/11\/16378786837348.jpg","fifu_image_alt":"Covid-19 : Le Maroc suspend jusqu\u2019\u00e0 nouvel ordre ses vols r\u00e9guliers de et vers la France","footnotes":""},"categories":[73,82],"tags":[],"class_list":["post-134019","post","type-post","status-publish","format-standard","hentry","category-actualite","category-cameroun"],"_links":{"self":[{"href":"https:\/\/linitiative.ca\/International\/wp-json\/wp\/v2\/posts\/134019","targetHints":{"allow":["GET"]}}],"collection":[{"href":"https:\/\/linitiative.ca\/International\/wp-json\/wp\/v2\/posts"}],"about":[{"href":"https:\/\/linitiative.ca\/International\/wp-json\/wp\/v2\/types\/post"}],"author":[{"embeddable":true,"href":"https:\/\/linitiative.ca\/International\/wp-json\/wp\/v2\/users\/1965"}],"replies":[{"embeddable":true,"href":"https:\/\/linitiative.ca\/International\/wp-json\/wp\/v2\/comments?post=134019"}],"version-history":[{"count":0,"href":"https:\/\/linitiative.ca\/International\/wp-json\/wp\/v2\/posts\/134019\/revisions"}],"wp:attachment":[{"href":"https:\/\/linitiative.ca\/International\/wp-json\/wp\/v2\/media?parent=134019"}],"wp:term":[{"taxonomy":"category","embeddable":true,"href":"https:\/\/linitiative.ca\/International\/wp-json\/wp\/v2\/categories?post=134019"},{"taxonomy":"post_tag","embeddable":true,"href":"https:\/\/linitiative.ca\/International\/wp-json\/wp\/v2\/tags?post=134019"}],"curies":[{"name":"wp","href":"https:\/\/api.w.org\/{rel}","templated":true}]}}