{"id":134021,"date":"2021-11-25T06:02:26","date_gmt":"2021-11-25T11:02:26","guid":{"rendered":"https:\/\/linitiative.ca\/International\/pour-celestin-tawamba-le-secteur-prive-na-pas-ete-associe-a-lelaboration-de-la-loi-de-finances-2022\/"},"modified":"2021-11-25T06:02:26","modified_gmt":"2021-11-25T11:02:26","slug":"pour-celestin-tawamba-le-secteur-prive-na-pas-ete-associe-a-lelaboration-de-la-loi-de-finances-2022","status":"publish","type":"post","link":"https:\/\/linitiative.ca\/International\/pour-celestin-tawamba-le-secteur-prive-na-pas-ete-associe-a-lelaboration-de-la-loi-de-finances-2022\/","title":{"rendered":"Pour C\u00e9lestin Tawamba, le secteur priv\u00e9 n\u2019a pas \u00e9t\u00e9 associ\u00e9 \u00e0 l\u2019\u00e9laboration de la loi de finances 2022"},"content":{"rendered":"<div>\n<p>Une d\u00e9l\u00e9gation du\u00a0<strong>Groupement<\/strong>\u00a0<strong>Inter<\/strong>\u2013<strong>patronal<\/strong>\u00a0<strong>du<\/strong>\u00a0<strong>Cameroun<\/strong>\u00a0(GICAM) conduite par le pr\u00e9sident\u00a0<strong>C\u00e9lestin<\/strong>\u00a0<strong>Tawamba<\/strong>\u00a0s\u2019est entretenue avec les d\u00e9put\u00e9s mardi 23 novembre 2021, dans le cadre de la session parlementaire de Novembre. L\u2019objet de cette consultation, comme l\u2019a indiqu\u00e9 le pr\u00e9sident de cette organisation patronale dans son propos liminaire, \u00e9tait de faire l\u2019\u00e9conomie \u00a0des manquements\u00a0 qui parasitent le climat des affaires et freinent l\u2019expansion des entreprises. Tout en proposant en sus, des solutions palliatives, sous forme de recommandations.<\/p>\n<p><strong>Un climat des affaires peu incitatif<\/strong><\/p>\n<p>D\u2019apr\u00e8s le GICAM, ces obstacles sont de divers ordres.\u00a0 L\u2019organisation \u00a0\u00e9voque en premier lieu, le dialogue public-priv\u00e9, dont la d\u00e9faillance est illustr\u00e9e par la mise \u00e0 l\u2019\u00e9cart du GICAM dans l\u2019\u00e9laboration de la prochaine loi de finances, a r\u00e9v\u00e9l\u00e9 C\u00e9lestin Tawamba. Insistant sur cette probl\u00e9matique,\u00a0<strong>Alice<\/strong>\u00a0<strong>Mbono<\/strong>, la directrice ex\u00e9cutive du Gicam estime que\u00a0 la sollicitation du secteur priv\u00e9 pour des \u00e9v\u00e8nements pilot\u00e9s par le gouvernement avec pour vocation, l\u2019am\u00e9lioration de la situation \u00e9conomique du pays, n\u2019est que pure fantaisie. Car selon elle, leurs avis sont rarement pris en compte.<\/p>\n<p>\u00ab Nos avis, s\u2019il fallait les mettre sur une \u00e9chelle de 1 \u00e0 10, comptent pour 1. C\u2019est ce que nous appelons les dialogues-alibi. Nous avons le Cameroon Business Forum qui est organis\u00e9 une fois par an, au niveau de la coordination gouvernementale. Pour l\u2019illustrer de mani\u00e8re simple: disons qu\u2019on est en train de composer une musique, on a tous travaill\u00e9 \u00e0 composer un Rock\u2019n Roll et quand il faut lire les recommandations, ce qu\u2019on entend c\u2019est un slow qu\u2019on ne reconna\u00eet pas avoir compos\u00e9. On discute de plusieurs sujets une fois par an, et \u00e0 la fin, on lit des recommandations qu\u2019on a pr\u00e9par\u00e9es avant qu\u2019on arrive. Et ce sont elles qui sont mises en \u0153uvre. On attend l\u2019ann\u00e9e prochaine. Entre temps, s\u2019il y a des probl\u00e8mes, on ne peut pas discuter, on ne peut pas relancer\u00bb, indique-t-elle.<\/p>\n<p>Selon le Gicam, l\u2019environnement des affaires au Cameroun souffre \u00e9galement d\u2019une fiscalit\u00e9 lourde, caract\u00e9ris\u00e9e par un imp\u00f4t sur le revenu \u00e9lev\u00e9 et qui dans les faits ne donne pas la possibilit\u00e9 aux contribuables de contester ne serait-ce qu\u2019un simple redressement fiscal, m\u00eames si ces derniers s\u2019astreignent \u00e0 la proc\u00e9dure d\u2019usage.\u00a0 L\u2019organisation \u00a0pointe \u00e9galement un doigt accusateur vers le syst\u00e8me judiciaire. Elle\u00a0 fustige notamment la longueur des d\u00e9lais de jugement et de publication des verdicts, le processus d\u2019attribution et de consignation des affaires et l\u2019incomp\u00e9tence de certains juges dans des domaines comme la cybercriminalit\u00e9 et la fiscalit\u00e9. L\u2019acc\u00e8s au financement est \u00e9galement une probl\u00e9matique majeure (des taux et des garanties prohibitifs exig\u00e9s par les banques), tout comme la hausse des cours des mati\u00e8res premi\u00e8res, qui n\u2019est que la r\u00e9sultante de la hausse des co\u00fbts de production.<\/p>\n<p><strong>Solutions palliatives<\/strong><\/p>\n<p>Apr\u00e8s avoir pass\u00e9 en revue les probl\u00e8mes, le Groupement Inter-patronal du Cameroun a \u00e9galement formul\u00e9 des pistes de solutions.<\/p>\n<p>\u00ab Pour le dialogue, il s\u2019agit juste de changer de paradigme, de changer la mani\u00e8re de faire. Essayons de composer les m\u00eames musiques ensemble et on les \u00e9coute comme on les a compos\u00e9s. Essayons de discuter de mani\u00e8re sereine, p\u00e9renne et constructive. En mati\u00e8re de fiscalit\u00e9, il s\u2019agit d\u2019arr\u00eater de mettre la pression sur ceux qui paient d\u00e9j\u00e0 beaucoup, d\u2019\u00e9largir l\u2019assiette fiscale, \u00e9largir les bassins dans lesquels on pourrait collecter les imp\u00f4ts. Pour le contentieux, il faut le rendre accessible \u00e0 tous les contribuables. En ce qui concerne notre syst\u00e8me judiciaire, si on commen\u00e7ait par mettre des tribunaux de commerce ce ne serait pas mal. Avant de penser \u00e0 num\u00e9riser le syst\u00e8me et \u00e0 faire des enregistrements automatiques,\u00a0 des requ\u00eates\u00a0 et l\u2019attribution automatiques des affaires aux juges\u00bb<em>,\u00a0<\/em>a propos\u00e9 Alice Mbono avant d\u2019ajouter qu\u2019\u00a0\u00a0\u00abEn ce qui concerne\u00a0 la hausse des cours des mati\u00e8res premi\u00e8res, il faut qu\u2019on s\u2019asseye, qu\u2019on \u00e9change avec les sectorielles pour trouver les vraies solutions qui peuvent impacter de mani\u00e8re significative la hausse qui arrive. Ces solutions peuvent prendre la forme d\u2019all\u00e8gements fiscaux, un peu moins de TVA, de r\u00e9percussions de co\u00fbts mod\u00e9r\u00e9s, la diminution des tracasseries administratives\u00bb<\/p>\n<p><strong>Paul Claude Tjeg\u00a0<\/strong><\/p>\n<p>L\u2019article <a rel=\"nofollow\" href=\"https:\/\/ecomatin.net\/pour-celestin-tawamba-le-secteur-r-prive-na-pas-ete-associe-a-lelaboration-de-la-loi-de-finances-2022\/\">Pour C\u00e9lestin Tawamba, le secteur priv\u00e9 n\u2019a pas \u00e9t\u00e9 associ\u00e9 \u00e0 l\u2019\u00e9laboration de la loi de finances 2022<\/a> est apparu en premier sur <a rel=\"nofollow\" href=\"https:\/\/ecomatin.net\/\">EcoMatin<\/a>.<\/p>\n<\/div>\n<p>Auteur: EcoMatin<br \/>\n<a href=\"https:\/\/ecomatin.net\/pour-celestin-tawamba-le-secteur-r-prive-na-pas-ete-associe-a-lelaboration-de-la-loi-de-finances-2022\/\">Cliquez ici pour lire l&rsquo;article depuis sa source.<\/a><\/p>\n","protected":false},"excerpt":{"rendered":"<p>Une d\u00e9l\u00e9gation du\u00a0Groupement\u00a0Inter\u2013patronal\u00a0du\u00a0Cameroun\u00a0(GICAM) conduite par le pr\u00e9sident\u00a0C\u00e9lestin\u00a0Tawamba\u00a0s\u2019est entretenue avec les d\u00e9put\u00e9s mardi 23 novembre 2021, dans le cadre de la session parlementaire de Novembre. L\u2019objet de cette consultation, comme l\u2019a indiqu\u00e9 le pr\u00e9sident de cette organisation patronale dans son propos liminaire, \u00e9tait de faire l\u2019\u00e9conomie \u00a0des manquements\u00a0 qui parasitent le climat des affaires et freinent [&hellip;]<\/p>\n","protected":false},"author":1969,"featured_media":0,"comment_status":"closed","ping_status":"closed","sticky":false,"template":"","format":"standard","meta":{"fifu_image_url":"","fifu_image_alt":"","footnotes":""},"categories":[82,78],"tags":[],"class_list":["post-134021","post","type-post","status-publish","format-standard","hentry","category-cameroun","category-economie"],"_links":{"self":[{"href":"https:\/\/linitiative.ca\/International\/wp-json\/wp\/v2\/posts\/134021","targetHints":{"allow":["GET"]}}],"collection":[{"href":"https:\/\/linitiative.ca\/International\/wp-json\/wp\/v2\/posts"}],"about":[{"href":"https:\/\/linitiative.ca\/International\/wp-json\/wp\/v2\/types\/post"}],"author":[{"embeddable":true,"href":"https:\/\/linitiative.ca\/International\/wp-json\/wp\/v2\/users\/1969"}],"replies":[{"embeddable":true,"href":"https:\/\/linitiative.ca\/International\/wp-json\/wp\/v2\/comments?post=134021"}],"version-history":[{"count":0,"href":"https:\/\/linitiative.ca\/International\/wp-json\/wp\/v2\/posts\/134021\/revisions"}],"wp:attachment":[{"href":"https:\/\/linitiative.ca\/International\/wp-json\/wp\/v2\/media?parent=134021"}],"wp:term":[{"taxonomy":"category","embeddable":true,"href":"https:\/\/linitiative.ca\/International\/wp-json\/wp\/v2\/categories?post=134021"},{"taxonomy":"post_tag","embeddable":true,"href":"https:\/\/linitiative.ca\/International\/wp-json\/wp\/v2\/tags?post=134021"}],"curies":[{"name":"wp","href":"https:\/\/api.w.org\/{rel}","templated":true}]}}