{"id":134028,"date":"2021-11-26T10:28:12","date_gmt":"2021-11-26T15:28:12","guid":{"rendered":"https:\/\/linitiative.ca\/International\/covid-19-maroc-la-situation-epidemiologique-au-26-novembre-2021-a-16h00\/"},"modified":"2021-11-26T10:28:12","modified_gmt":"2021-11-26T15:28:12","slug":"covid-19-maroc-la-situation-epidemiologique-au-26-novembre-2021-a-16h00","status":"publish","type":"post","link":"https:\/\/linitiative.ca\/International\/covid-19-maroc-la-situation-epidemiologique-au-26-novembre-2021-a-16h00\/","title":{"rendered":"Covid-19 \/ Maroc : La situation \u00e9pid\u00e9miologique au 26 Novembre 2021 \u00e0 16H00"},"content":{"rendered":"<div>\n<p><img loading=\"lazy\" decoding=\"async\" width=\"300\" height=\"153\" src=\"https:\/\/linitiative.ca\/International\/wp-content\/uploads\/sites\/23\/2021\/11\/coronavirus-COVID-maroc-300x153-2.jpg\" class=\"attachment-medium size-medium wp-post-image\" alt=\"\" srcset=\"https:\/\/linitiative.ca\/International\/wp-content\/uploads\/sites\/23\/2021\/11\/coronavirus-COVID-maroc-300x153-2.jpg 300w, https:\/\/aujourdhui.ma\/wp-content\/uploads\/2020\/09\/coronavirus-COVID-maroc-274x140.jpg 274w, https:\/\/aujourdhui.ma\/wp-content\/uploads\/2020\/09\/coronavirus-COVID-maroc.jpg 746w, https:\/\/aujourdhui.ma\/wp-content\/uploads\/2020\/09\/coronavirus-COVID-maroc-165x84.jpg 165w, https:\/\/aujourdhui.ma\/wp-content\/uploads\/2020\/09\/coronavirus-COVID-maroc-702x358.jpg 702w\" sizes=\"auto, (max-width: 300px) 100vw, 300px\"><\/p>\n<p><strong>Entre hier \u00e0 16H00 et aujourd\u2019hui \u00e0 16H00<\/strong><\/p>\n<p>154 nouveaux cas soit un cumul de 949.532 cas \u00e0 ce jour.<br \/>\n164 gu\u00e9risons soit un cumul de 931.712 \u00e0 ce jour.<br \/>\n3 nouveaux d\u00e9c\u00e8s donc un cumul de 14.773 \u00e0 ce jour.<\/p>\n<p><strong>Nombre de personnes vaccin\u00e9es au 26 Novembre 16H00<\/strong><\/p>\n<p>1\u00e8re dose :<strong> 24 408 900<br \/>\n<\/strong><\/p>\n<p>2\u00e8me dose :<strong> 22 626 879<\/strong><\/p>\n<p>3\u00e8me dose :<strong>1 639 107<\/strong><\/p>\n<p><a href=\"https:\/\/linitiative.ca\/International\/wp-content\/uploads\/sites\/23\/2021\/11\/WhatsApp-Image-2021-11-26-at-16.19.26.jpeg\"><img loading=\"lazy\" decoding=\"async\" class=\"alignnone size-full wp-image-392356\" src=\"https:\/\/linitiative.ca\/International\/wp-content\/uploads\/sites\/23\/2021\/11\/WhatsApp-Image-2021-11-26-at-16.19.26.jpeg\" alt=\"\" width=\"1170\" height=\"1555\" srcset=\"https:\/\/linitiative.ca\/International\/wp-content\/uploads\/sites\/23\/2021\/11\/WhatsApp-Image-2021-11-26-at-16.19.26.jpeg 1170w, https:\/\/aujourdhui.ma\/wp-content\/uploads\/2021\/11\/WhatsApp-Image-2021-11-26-at-16.19.26-226x300.jpeg 226w, https:\/\/aujourdhui.ma\/wp-content\/uploads\/2021\/11\/WhatsApp-Image-2021-11-26-at-16.19.26-770x1024.jpeg 770w, https:\/\/aujourdhui.ma\/wp-content\/uploads\/2021\/11\/WhatsApp-Image-2021-11-26-at-16.19.26-768x1021.jpeg 768w, https:\/\/aujourdhui.ma\/wp-content\/uploads\/2021\/11\/WhatsApp-Image-2021-11-26-at-16.19.26-1156x1536.jpeg 1156w\" sizes=\"auto, (max-width: 1170px) 100vw, 1170px\"><\/a><\/p>\n<p><a href=\"https:\/\/linitiative.ca\/International\/wp-content\/uploads\/sites\/23\/2021\/11\/WhatsApp-Image-2021-11-26-at-16.19.26-1.jpeg\"><img loading=\"lazy\" decoding=\"async\" class=\"alignnone size-full wp-image-392358\" src=\"https:\/\/linitiative.ca\/International\/wp-content\/uploads\/sites\/23\/2021\/11\/WhatsApp-Image-2021-11-26-at-16.19.26-1.jpeg\" alt=\"\" width=\"1170\" height=\"819\" srcset=\"https:\/\/linitiative.ca\/International\/wp-content\/uploads\/sites\/23\/2021\/11\/WhatsApp-Image-2021-11-26-at-16.19.26-1.jpeg 1170w, https:\/\/aujourdhui.ma\/wp-content\/uploads\/2021\/11\/WhatsApp-Image-2021-11-26-at-16.19.26-1-300x210.jpeg 300w, https:\/\/aujourdhui.ma\/wp-content\/uploads\/2021\/11\/WhatsApp-Image-2021-11-26-at-16.19.26-1-1024x717.jpeg 1024w, https:\/\/aujourdhui.ma\/wp-content\/uploads\/2021\/11\/WhatsApp-Image-2021-11-26-at-16.19.26-1-768x538.jpeg 768w\" sizes=\"auto, (max-width: 1170px) 100vw, 1170px\"><\/a><\/p>\n<p><a href=\"https:\/\/linitiative.ca\/International\/wp-content\/uploads\/sites\/23\/2021\/11\/WhatsApp-Image-2021-11-26-at-16.19.26-2.jpeg\"><img loading=\"lazy\" decoding=\"async\" class=\"alignnone size-full wp-image-392359\" src=\"https:\/\/linitiative.ca\/International\/wp-content\/uploads\/sites\/23\/2021\/11\/WhatsApp-Image-2021-11-26-at-16.19.26-2.jpeg\" alt=\"\" width=\"1090\" height=\"1600\" srcset=\"https:\/\/linitiative.ca\/International\/wp-content\/uploads\/sites\/23\/2021\/11\/WhatsApp-Image-2021-11-26-at-16.19.26-2.jpeg 1090w, https:\/\/aujourdhui.ma\/wp-content\/uploads\/2021\/11\/WhatsApp-Image-2021-11-26-at-16.19.26-2-204x300.jpeg 204w, https:\/\/aujourdhui.ma\/wp-content\/uploads\/2021\/11\/WhatsApp-Image-2021-11-26-at-16.19.26-2-698x1024.jpeg 698w, https:\/\/aujourdhui.ma\/wp-content\/uploads\/2021\/11\/WhatsApp-Image-2021-11-26-at-16.19.26-2-768x1127.jpeg 768w, https:\/\/aujourdhui.ma\/wp-content\/uploads\/2021\/11\/WhatsApp-Image-2021-11-26-at-16.19.26-2-1046x1536.jpeg 1046w\" sizes=\"auto, (max-width: 1090px) 100vw, 1090px\"><\/a><\/p>\n<\/div>\n<p>Auteur: ALM<br \/>\n<a href=\"https:\/\/aujourdhui.ma\/societe\/covid-19-maroc-la-situation-epidemiologique-au-26-novembre-2021-a-16h00\">Cliquez ici pour lire l&rsquo;article depuis sa source.<\/a><\/p>\n","protected":false},"excerpt":{"rendered":"<p>Entre hier \u00e0 16H00 et aujourd\u2019hui \u00e0 16H00 154 nouveaux cas soit un cumul de 949.532 cas \u00e0 ce jour. 164 gu\u00e9risons soit un cumul de 931.712 \u00e0 ce jour. 3 nouveaux d\u00e9c\u00e8s donc un cumul de 14.773 \u00e0 ce jour. Nombre de personnes vaccin\u00e9es au 26 Novembre 16H00 1\u00e8re dose : 24 408 900 [&hellip;]<\/p>\n","protected":false},"author":1759,"featured_media":0,"comment_status":"closed","ping_status":"closed","sticky":false,"template":"","format":"standard","meta":{"fifu_image_url":"https:\/\/aujourdhui.ma\/wp-content\/uploads\/2020\/09\/coronavirus-COVID-maroc-300x153.jpg","fifu_image_alt":"Covid-19 \/ Maroc : La situation \u00e9pid\u00e9miologique au 26 Novembre 2021 \u00e0 16H00","footnotes":""},"categories":[73,54],"tags":[],"class_list":["post-134028","post","type-post","status-publish","format-standard","hentry","category-actualite","category-maroc"],"_links":{"self":[{"href":"https:\/\/linitiative.ca\/International\/wp-json\/wp\/v2\/posts\/134028","targetHints":{"allow":["GET"]}}],"collection":[{"href":"https:\/\/linitiative.ca\/International\/wp-json\/wp\/v2\/posts"}],"about":[{"href":"https:\/\/linitiative.ca\/International\/wp-json\/wp\/v2\/types\/post"}],"author":[{"embeddable":true,"href":"https:\/\/linitiative.ca\/International\/wp-json\/wp\/v2\/users\/1759"}],"replies":[{"embeddable":true,"href":"https:\/\/linitiative.ca\/International\/wp-json\/wp\/v2\/comments?post=134028"}],"version-history":[{"count":0,"href":"https:\/\/linitiative.ca\/International\/wp-json\/wp\/v2\/posts\/134028\/revisions"}],"wp:attachment":[{"href":"https:\/\/linitiative.ca\/International\/wp-json\/wp\/v2\/media?parent=134028"}],"wp:term":[{"taxonomy":"category","embeddable":true,"href":"https:\/\/linitiative.ca\/International\/wp-json\/wp\/v2\/categories?post=134028"},{"taxonomy":"post_tag","embeddable":true,"href":"https:\/\/linitiative.ca\/International\/wp-json\/wp\/v2\/tags?post=134028"}],"curies":[{"name":"wp","href":"https:\/\/api.w.org\/{rel}","templated":true}]}}