{"id":134037,"date":"2021-11-26T11:00:17","date_gmt":"2021-11-26T16:00:17","guid":{"rendered":"https:\/\/linitiative.ca\/International\/film-dismael-ferroukhi-mica-de-sortie-en-decembre-au-maroc\/"},"modified":"2021-11-26T11:00:17","modified_gmt":"2021-11-26T16:00:17","slug":"film-dismael-ferroukhi-mica-de-sortie-en-decembre-au-maroc","status":"publish","type":"post","link":"https:\/\/linitiative.ca\/International\/film-dismael-ferroukhi-mica-de-sortie-en-decembre-au-maroc\/","title":{"rendered":"Film d\u2019Isma\u00ebl Ferroukhi : \u00abMica\u00bb de sortie en d\u00e9cembre au Maroc"},"content":{"rendered":"<div>\n<p><img loading=\"lazy\" decoding=\"async\" width=\"300\" height=\"153\" src=\"https:\/\/linitiative.ca\/International\/wp-content\/uploads\/sites\/23\/2021\/11\/Film-dIsmael-Ferroukhi-Mica-de-sortie-en-decembre-au-Maroc-300x153-1.jpg\" class=\"attachment-medium size-medium wp-post-image\" alt=\"\" srcset=\"https:\/\/linitiative.ca\/International\/wp-content\/uploads\/sites\/23\/2021\/11\/Film-dIsmael-Ferroukhi-Mica-de-sortie-en-decembre-au-Maroc-300x153-1.jpg 300w, https:\/\/aujourdhui.ma\/wp-content\/uploads\/2021\/11\/Film-dIsmael-Ferroukhi-Mica-de-sortie-en-decembre-au-Maroc-274x140.jpg 274w, https:\/\/aujourdhui.ma\/wp-content\/uploads\/2021\/11\/Film-dIsmael-Ferroukhi-Mica-de-sortie-en-decembre-au-Maroc.jpg 746w, https:\/\/aujourdhui.ma\/wp-content\/uploads\/2021\/11\/Film-dIsmael-Ferroukhi-Mica-de-sortie-en-decembre-au-Maroc-165x84.jpg 165w, https:\/\/aujourdhui.ma\/wp-content\/uploads\/2021\/11\/Film-dIsmael-Ferroukhi-Mica-de-sortie-en-decembre-au-Maroc-702x358.jpg 702w\" sizes=\"auto, (max-width: 300px) 100vw, 300px\"><\/p>\n<p><span style=\"color: #800000;\"><strong>La date de sortie au Maroc du long-m\u00e9trage \u00abMica\u00bb, r\u00e9alis\u00e9 par Isma\u00ebl Ferroukhi, est d\u00e9sormais connue.<\/strong><\/span><span id=\"more-392301\"><\/span><\/p>\n<p>Elle est pr\u00e9vue, comme le pr\u00e9cise le cin\u00e9aste d\u2019origine marocaine, pour \u00abd\u00e9cembre\u00bb prochain tout comme la sortie en France fix\u00e9e au 22 du m\u00eame mois. \u00abLe film se veut une contre-proposition aux films de fin d\u2019ann\u00e9e classiques (com\u00e9dies, animations) et sera une option de sortie familiale pour les f\u00eates de fin d\u2019ann\u00e9e\u00bb, s\u2019exprime le r\u00e9alisateur qui a, avec Fadette Drouard, con\u00e7u le sc\u00e9nario de son oeuvre produite par La Prod, Elz\u00e9vir Films, coproduite par Orange Studio, Moon A Deal Films et la SNRT et distribu\u00e9e par JHR Films. En d\u00e9tail, \u00abMica\u00bb raconte, comme l\u2019indique l\u2019intitul\u00e9 du film, l\u2019histoire d\u2019un enfant, vendeur de sacs en plastique et issu d\u2019un bidonville, qui se retrouve propuls\u00e9 comme homme \u00e0 tout faire dans un club de tennis de Casablanca, fr\u00e9quent\u00e9 par la \u00abnomenklatura\u00bb (l\u2019\u00e9lite) marocaine.<\/p>\n<div class=\"mom_images_grid mom_images_3_cols\">\n<ul class=\"galleryslider\">\n<li class=\"first\"><a href=\"https:\/\/aujourdhui.ma\/wp-content\/uploads\/2021\/11\/Capture-decran-2021-11-25-a-12.41.28.png\" data-title=\"\" title=\"Capture d\u2019\u00e9cran 2021-11-25 \u00e0 12.41.28\"><img decoding=\"async\" alt=\"Capture d\u2019\u00e9cran 2021-11-25 \u00e0 12.41.28\" src=\"https:\/\/linitiative.ca\/International\/wp-content\/uploads\/sites\/23\/2021\/11\/Capture-decran-2021-11-25-a-12.41.28-746x380-1.png\"><\/a><\/li>\n<li class=\"\"><a href=\"https:\/\/aujourdhui.ma\/wp-content\/uploads\/2021\/11\/Capture-decran-2021-11-25-a-12.41.44.png\" data-title=\"\" title=\"Capture d\u2019\u00e9cran 2021-11-25 \u00e0 12.41.44\"><img decoding=\"async\" alt=\"Capture d\u2019\u00e9cran 2021-11-25 \u00e0 12.41.44\" src=\"https:\/\/linitiative.ca\/International\/wp-content\/uploads\/sites\/23\/2021\/11\/Capture-decran-2021-11-25-a-12.41.44-746x380-1.png\"><\/a><\/li>\n<li class=\"last\"><a href=\"https:\/\/aujourdhui.ma\/wp-content\/uploads\/2021\/11\/Capture-decran-2021-11-25-a-12.41.54.png\" data-title=\"\" title=\"Capture d\u2019\u00e9cran 2021-11-25 \u00e0 12.41.54\"><img decoding=\"async\" alt=\"Capture d\u2019\u00e9cran 2021-11-25 \u00e0 12.41.54\" src=\"https:\/\/linitiative.ca\/International\/wp-content\/uploads\/sites\/23\/2021\/11\/Capture-decran-2021-11-25-a-12.41.54-746x380-1.png\"><\/a><\/li>\n<li class=\"first\"><a href=\"https:\/\/aujourdhui.ma\/wp-content\/uploads\/2021\/11\/MICA-copie.jpg\" data-title=\"\" title=\"MICA copie\"><img decoding=\"async\" alt=\"MICA copie\" src=\"https:\/\/linitiative.ca\/International\/wp-content\/uploads\/sites\/23\/2021\/11\/MICA-copie-746x380-1.jpg\"><\/a><\/li>\n<\/ul>\n<\/div>\n<p>Pr\u00eat \u00e0 tout pour changer son destin, il va se faire remarquer par Sophia, une ex-championne de tennis, incarn\u00e9e par Sabrina Ouazani, qui va le prendre sous son aile. Avec elle, il va s\u2019essayer \u00e0 ce sport qui le fascine, s\u2019\u00e9manciper des pr\u00e9jug\u00e9s et devenir un joueur prometteur. \u00abC\u2019est un film plein d\u2019espoir pour les g\u00e9n\u00e9rations futures. Il s\u2019adresse \u00e0 tout public y compris les enfants \u00e0 partir de 8 ans\u00bb, avance le cin\u00e9aste franco-marocain. Comme il le d\u00e9taille, le message de son oeuvre est optimiste et universel. \u00abIl faut croire en ses r\u00eaves, et le tennis (le sport en g\u00e9n\u00e9ral) peut aider \u00e0 changer son destin. Mica va d\u00e9couvrir au contact de la raquette une audace qu\u2019il n\u2019a jamais eue, une envie de se battre, il va prendre confiance en lui et grandir\u00bb, ajoute le cin\u00e9aste qui s\u2019est \u00e9galement entour\u00e9 de Zakaria Inan et Azelarab Kaghat dans son long-m\u00e9trage qui a fait partie de la s\u00e9lection officielle du festival d\u2019Angoul\u00eame en 2021 et de la Mostra de Venise dans la m\u00eame ann\u00e9e.<\/p>\n<p>Outre \u00abMica\u00bb, Isma\u00ebl Ferroukhi, n\u00e9 au Maroc, s\u2019est fait conna\u00eetre par son premier courtm\u00e9trage \u00abL\u2019expos\u00e9\u00bb (1992) qui a remport\u00e9 les deux Prix de Kodak et de SACD (Soci\u00e9t\u00e9 des auteurs et compositeurs dramatiques) du meilleur court-m\u00e9trage au festival de Cannes. Apr\u00e8s quoi, il a co\u00e9crit le film de C\u00e9dric Kahn appel\u00e9 \u00abTrop de bonheur en 1994. Son premier long-m\u00e9trage \u00e9tant \u00abLe grand voyage\u00bb qui a remport\u00e9 le Lion du Futur pour un premier film \u00e0 la Mostra de Venise en 2004. Son dernier film \u00abLes Hommes Libres\u00bb, avec la participation de l\u2019acteur Tahar Rahim, a \u00e9t\u00e9 projet\u00e9 au festival de Cannes en 2011. Un parcours qui laisse pr\u00e9dire d\u2019autres Prix.<\/p>\n<\/div>\n<p>Auteur: Salima Guisser<br \/>\n<a href=\"https:\/\/aujourdhui.ma\/culture\/film-dismael-ferroukhi-mica-de-sortie-en-decembre-au-maroc\">Cliquez ici pour lire l&rsquo;article depuis sa source.<\/a><\/p>\n","protected":false},"excerpt":{"rendered":"<p>La date de sortie au Maroc du long-m\u00e9trage \u00abMica\u00bb, r\u00e9alis\u00e9 par Isma\u00ebl Ferroukhi, est d\u00e9sormais connue. Elle est pr\u00e9vue, comme le pr\u00e9cise le cin\u00e9aste d\u2019origine marocaine, pour \u00abd\u00e9cembre\u00bb prochain tout comme la sortie en France fix\u00e9e au 22 du m\u00eame mois. \u00abLe film se veut une contre-proposition aux films de fin d\u2019ann\u00e9e classiques (com\u00e9dies, animations) [&hellip;]<\/p>\n","protected":false},"author":1759,"featured_media":0,"comment_status":"closed","ping_status":"closed","sticky":false,"template":"","format":"standard","meta":{"fifu_image_url":"https:\/\/aujourdhui.ma\/wp-content\/uploads\/2021\/11\/Film-dIsmael-Ferroukhi-Mica-de-sortie-en-decembre-au-Maroc-300x153.jpg","fifu_image_alt":"Film d\u2019Isma\u00ebl Ferroukhi : \u00abMica\u00bb de sortie en d\u00e9cembre au Maroc","footnotes":""},"categories":[73,54],"tags":[],"class_list":["post-134037","post","type-post","status-publish","format-standard","hentry","category-actualite","category-maroc"],"_links":{"self":[{"href":"https:\/\/linitiative.ca\/International\/wp-json\/wp\/v2\/posts\/134037","targetHints":{"allow":["GET"]}}],"collection":[{"href":"https:\/\/linitiative.ca\/International\/wp-json\/wp\/v2\/posts"}],"about":[{"href":"https:\/\/linitiative.ca\/International\/wp-json\/wp\/v2\/types\/post"}],"author":[{"embeddable":true,"href":"https:\/\/linitiative.ca\/International\/wp-json\/wp\/v2\/users\/1759"}],"replies":[{"embeddable":true,"href":"https:\/\/linitiative.ca\/International\/wp-json\/wp\/v2\/comments?post=134037"}],"version-history":[{"count":0,"href":"https:\/\/linitiative.ca\/International\/wp-json\/wp\/v2\/posts\/134037\/revisions"}],"wp:attachment":[{"href":"https:\/\/linitiative.ca\/International\/wp-json\/wp\/v2\/media?parent=134037"}],"wp:term":[{"taxonomy":"category","embeddable":true,"href":"https:\/\/linitiative.ca\/International\/wp-json\/wp\/v2\/categories?post=134037"},{"taxonomy":"post_tag","embeddable":true,"href":"https:\/\/linitiative.ca\/International\/wp-json\/wp\/v2\/tags?post=134037"}],"curies":[{"name":"wp","href":"https:\/\/api.w.org\/{rel}","templated":true}]}}