{"id":134044,"date":"2021-11-25T13:00:00","date_gmt":"2021-11-25T18:00:00","guid":{"rendered":"https:\/\/linitiative.ca\/International\/la-jeunesse-socialiste-traduit-benmoussa-en-justice\/"},"modified":"2021-11-25T13:00:00","modified_gmt":"2021-11-25T18:00:00","slug":"la-jeunesse-socialiste-traduit-benmoussa-en-justice","status":"publish","type":"post","link":"https:\/\/linitiative.ca\/International\/la-jeunesse-socialiste-traduit-benmoussa-en-justice\/","title":{"rendered":"La jeunesse socialiste traduit Benmoussa en justice"},"content":{"rendered":"<div>\n<p class=\"has-text-align-center has-vivid-cyan-blue-color has-text-color\"><strong>Concours de recrutement des enseignants<\/strong><\/p>\n<p class=\"has-black-color has-text-color\"><strong>Les conditions portant sur la fixation de l\u2019\u00e2ge maximum \u00e0 30 ans et la pr\u00e9s\u00e9lection pour le concours de recrutement des cadres des acad\u00e9mies r\u00e9gionales d\u2019\u00e9ducation et de formation (AREF) continuent d\u2019alimenter l\u2019actualit\u00e9 et de provoquer des d\u00e9bats.<\/strong><\/p>\n<p class=\"has-black-color has-text-color\">Dans ce sillage, la jeunesse socialiste a d\u00e9pos\u00e9 une plainte contre le ministre de l\u2019\u00c9ducation nationale, du Pr\u00e9scolaire et des sports, Chakib Benmoussa. Dans cette plainte d\u00e9pos\u00e9e au tribunal administratif de Casablanca, la jeunesse socialiste demande l\u2019annulation des conditions, li\u00e9es \u00e0 la fixation de l\u2019\u00e2ge maximum \u00e0 30 ans et la pr\u00e9s\u00e9lection, jug\u00e9es anticonstitutionnelles et violent les lois r\u00e9gissant la fonction publique.<\/p>\n<p class=\"has-black-color has-text-color\">Dans une d\u00e9claration \u00e0 la presse, le secr\u00e9taire g\u00e9n\u00e9ral de la jeunesse socialiste, Younes Siraj a fait savoir que son organisation a demand\u00e9 d\u2019abord le report du concours de recrutement des cadres des acad\u00e9mies r\u00e9gionales d\u2019\u00e9ducation et de formation (AREF) pour permettre \u00e0 la justice de statuer sur l\u2019affaire.<\/p>\n<p class=\"has-black-color has-text-color\">\u00a0Et de souligner que la d\u00e9cision du ministre de tutelle ne respecte pas la constitution et viole les dispositions qui r\u00e9gissent la fonction publique. Pour contrer les d\u00e9cisions du ministre de tutelle, Siraj a indiqu\u00e9 que son organisation compte d\u00e9clencher plusieurs formes de protestation. La premi\u00e8re action, a-t-il dit, est de saisir la justice pour annuler la d\u00e9cision en question.<\/p>\n<p class=\"has-black-color has-text-color\">Et d\u2019ajouter que ce gouvernement, qui n\u2019a pas honor\u00e9 ses promesses envers les jeunes, serait en train d\u2019envisager une r\u00e9forme pour alimenter les caisses de la retraite au d\u00e9triment de la jeunesse et de ses aspirations l\u00e9gitimes. Enfin, le secr\u00e9taire g\u00e9n\u00e9ral de la jeunesse socialiste estime que la politique visant la valorisation de la profession et la mise en place d\u2019une \u00e9cole de qualit\u00e9 doit \u00eatre accompagn\u00e9e d\u2019une stabilit\u00e9 psychologique et mat\u00e9rielle du corps enseignant.<\/p>\n<p>L\u2019article <a rel=\"nofollow\" href=\"http:\/\/albayane.press.ma\/la-jeunesse-socialiste-traduit-benmoussa-en-justice.html\">La jeunesse socialiste traduit Benmoussa en justice<\/a> est apparu en premier sur <a rel=\"nofollow\" href=\"http:\/\/albayane.press.ma\/\">ALBAYANE<\/a>.<\/p>\n<\/div>\n<p>Auteur: M&rsquo;hammed rahal<br \/>\n<a href=\"http:\/\/albayane.press.ma\/la-jeunesse-socialiste-traduit-benmoussa-en-justice.html\">Cliquez ici pour lire l&rsquo;article depuis sa source.<\/a><\/p>\n","protected":false},"excerpt":{"rendered":"<p>Concours de recrutement des enseignants Les conditions portant sur la fixation de l\u2019\u00e2ge maximum \u00e0 30 ans et la pr\u00e9s\u00e9lection pour le concours de recrutement des cadres des acad\u00e9mies r\u00e9gionales d\u2019\u00e9ducation et de formation (AREF) continuent d\u2019alimenter l\u2019actualit\u00e9 et de provoquer des d\u00e9bats. Dans ce sillage, la jeunesse socialiste a d\u00e9pos\u00e9 une plainte contre le [&hellip;]<\/p>\n","protected":false},"author":1760,"featured_media":0,"comment_status":"closed","ping_status":"closed","sticky":false,"template":"","format":"standard","meta":{"fifu_image_url":"","fifu_image_alt":"","footnotes":""},"categories":[73,54],"tags":[],"class_list":["post-134044","post","type-post","status-publish","format-standard","hentry","category-actualite","category-maroc"],"_links":{"self":[{"href":"https:\/\/linitiative.ca\/International\/wp-json\/wp\/v2\/posts\/134044","targetHints":{"allow":["GET"]}}],"collection":[{"href":"https:\/\/linitiative.ca\/International\/wp-json\/wp\/v2\/posts"}],"about":[{"href":"https:\/\/linitiative.ca\/International\/wp-json\/wp\/v2\/types\/post"}],"author":[{"embeddable":true,"href":"https:\/\/linitiative.ca\/International\/wp-json\/wp\/v2\/users\/1760"}],"replies":[{"embeddable":true,"href":"https:\/\/linitiative.ca\/International\/wp-json\/wp\/v2\/comments?post=134044"}],"version-history":[{"count":0,"href":"https:\/\/linitiative.ca\/International\/wp-json\/wp\/v2\/posts\/134044\/revisions"}],"wp:attachment":[{"href":"https:\/\/linitiative.ca\/International\/wp-json\/wp\/v2\/media?parent=134044"}],"wp:term":[{"taxonomy":"category","embeddable":true,"href":"https:\/\/linitiative.ca\/International\/wp-json\/wp\/v2\/categories?post=134044"},{"taxonomy":"post_tag","embeddable":true,"href":"https:\/\/linitiative.ca\/International\/wp-json\/wp\/v2\/tags?post=134044"}],"curies":[{"name":"wp","href":"https:\/\/api.w.org\/{rel}","templated":true}]}}