{"id":134047,"date":"2021-11-25T13:00:00","date_gmt":"2021-11-25T18:00:00","guid":{"rendered":"https:\/\/linitiative.ca\/International\/lautre-image-de-notre-police\/"},"modified":"2021-11-25T13:00:00","modified_gmt":"2021-11-25T18:00:00","slug":"lautre-image-de-notre-police","status":"publish","type":"post","link":"https:\/\/linitiative.ca\/International\/lautre-image-de-notre-police\/","title":{"rendered":"L\u2019autre image de notre police"},"content":{"rendered":"<div>\n<p class=\"has-text-align-center has-vivid-red-color has-text-color\"><strong>L\u2019\u0153il de Macao<\/strong><\/p>\n<p class=\"has-text-align-right has-black-color has-text-color\"><strong>Mohamed Khalil<\/strong><\/p>\n<p class=\"has-black-color has-text-color\"><strong>Contrairement \u00e0 une image n\u00e9gative que d\u2019aucuns veulent attribuer \u00e0 la police, la r\u00e9alit\u00e9 de tous les jours nous procure, des fois, de beaux exemples de citoyennet\u00e9 de la part de nos agents de police.<\/strong><\/p>\n<p class=\"has-black-color has-text-color\">Certes, la police est \u00e0 l\u2019image de la soci\u00e9t\u00e9 dans laquelle elle se d\u00e9ploie. On y trouve de tout, comme dans tous les corps, y compris les plus utiles et sensibles de la soci\u00e9t\u00e9. Souvent c\u2019est une infime minorit\u00e9 de ripoux (<em>un poisson pourri qui fait puer tout le panier<\/em>, comme dit l\u2019adage bien de chez nous) qui viennent, par des actes souvent r\u00e9prim\u00e9s par la DGSN et sa redoutable inspection g\u00e9n\u00e9rale, ternir une image globale positive, qui fait de cette cat\u00e9gorie de fonctionnaires de l\u2019Etat un v\u00e9ritable rempart contre les menaces contre la s\u00e9curit\u00e9 et la tranquillit\u00e9 de la population \u2026<\/p>\n<p class=\"has-black-color has-text-color\">Aussi, le fait de vouloir rapprocher l\u2019administration des citoyennes et des citoyens ne doit pas rester un slogan creux, r\u00e9alisable que dans certains bureaux ou commissariats. C\u2019est \u00e0 l\u2019aune de la pratique quotidienne et sur tous les terrains qu\u2019elle se mesure.<\/p>\n<p class=\"has-black-color has-text-color\">Le geste de ce policier restera d\u2019une grande valeur symbolique. La police peut avoir meilleure image dans la r\u00e9alit\u00e9 de tous les jours, si chacun des siens sait que par n\u2019importe quel geste, il contribue, \u00e0 l\u2019instar de tout citoyen, au bonheur ou au malheur de tous, \u00e0 commencer par sa profession.<\/p>\n<p class=\"has-black-color has-text-color\">Cette image, prise gr\u00e2ce \u00e0 l\u2019\u0153il vigilant et alerte de notre reporter-photographe, Ahmed Akil Macao, conforte et montre la voie sur la place et le r\u00f4le de la police et les initiatives citoyennes que ses agents peuvent prendre.<\/p>\n<p class=\"has-black-color has-text-color\">C\u2019est le cas de ce policier, agent verbalisateur ayant du pain sur la planche face aux nombreux manquements que des chauffards inconscients commettent \u00e0 tout bout de champ. Sous la pluie comme en pleine canicule, avec toutes les \u00e9missions polluantes et les d\u00e9gagements de gaz carbonique de v\u00e9hicules v\u00e9tustes ou non\u2026<\/p>\n<p class=\"has-black-color has-text-color\">Malgr\u00e9 tout ce policier a trouv\u00e9, gr\u00e2ce \u00e0 sa fibre humaine et citoyenne, le temps de faire une \u0153uvre utile, en pr\u00eatant assistance \u00e0 une dame handicap\u00e9e, avec un enfant dans les bras, dont une parente ou proche avait des difficult\u00e9s \u00e0 porter les b\u00e9quilles et ne pouvait faire traverser la chaise roulante, dans un rond point \u00e0 forte affluence o\u00f9 les impr\u00e9vus sont fr\u00e9quents\u2026<\/p>\n<p class=\"has-black-color has-text-color\">Bel exemple de citoyennet\u00e9 et de civisme\u00a0! La police peut en \u00eatre fi\u00e8re et cela fait oublier certains \u00e9carts exag\u00e9r\u00e9s\u00a0!<\/p>\n<p class=\"has-black-color has-text-color\">Et, si la DGSN exerce la politique du b\u00e2ton contre les malveillants et autres agents qui d\u00e9raperaient, elle a aussi le devoir d\u2019offrir la carotte aux \u00e9l\u00e9ments bien m\u00e9ritants. A bon entendeur..!<\/p>\n<p>L\u2019article <a rel=\"nofollow\" href=\"http:\/\/albayane.press.ma\/lautre-image-de-notre-police.html\">L\u2019autre image de notre police<\/a> est apparu en premier sur <a rel=\"nofollow\" href=\"http:\/\/albayane.press.ma\/\">ALBAYANE<\/a>.<\/p>\n<\/div>\n<p>Auteur: M&rsquo;hammed rahal<br \/>\n<a href=\"http:\/\/albayane.press.ma\/lautre-image-de-notre-police.html\">Cliquez ici pour lire l&rsquo;article depuis sa source.<\/a><\/p>\n","protected":false},"excerpt":{"rendered":"<p>L\u2019\u0153il de Macao Mohamed Khalil Contrairement \u00e0 une image n\u00e9gative que d\u2019aucuns veulent attribuer \u00e0 la police, la r\u00e9alit\u00e9 de tous les jours nous procure, des fois, de beaux exemples de citoyennet\u00e9 de la part de nos agents de police. Certes, la police est \u00e0 l\u2019image de la soci\u00e9t\u00e9 dans laquelle elle se d\u00e9ploie. On [&hellip;]<\/p>\n","protected":false},"author":1760,"featured_media":0,"comment_status":"closed","ping_status":"closed","sticky":false,"template":"","format":"standard","meta":{"fifu_image_url":"","fifu_image_alt":"","footnotes":""},"categories":[73,54],"tags":[],"class_list":["post-134047","post","type-post","status-publish","format-standard","hentry","category-actualite","category-maroc"],"_links":{"self":[{"href":"https:\/\/linitiative.ca\/International\/wp-json\/wp\/v2\/posts\/134047","targetHints":{"allow":["GET"]}}],"collection":[{"href":"https:\/\/linitiative.ca\/International\/wp-json\/wp\/v2\/posts"}],"about":[{"href":"https:\/\/linitiative.ca\/International\/wp-json\/wp\/v2\/types\/post"}],"author":[{"embeddable":true,"href":"https:\/\/linitiative.ca\/International\/wp-json\/wp\/v2\/users\/1760"}],"replies":[{"embeddable":true,"href":"https:\/\/linitiative.ca\/International\/wp-json\/wp\/v2\/comments?post=134047"}],"version-history":[{"count":0,"href":"https:\/\/linitiative.ca\/International\/wp-json\/wp\/v2\/posts\/134047\/revisions"}],"wp:attachment":[{"href":"https:\/\/linitiative.ca\/International\/wp-json\/wp\/v2\/media?parent=134047"}],"wp:term":[{"taxonomy":"category","embeddable":true,"href":"https:\/\/linitiative.ca\/International\/wp-json\/wp\/v2\/categories?post=134047"},{"taxonomy":"post_tag","embeddable":true,"href":"https:\/\/linitiative.ca\/International\/wp-json\/wp\/v2\/tags?post=134047"}],"curies":[{"name":"wp","href":"https:\/\/api.w.org\/{rel}","templated":true}]}}