{"id":134053,"date":"2021-11-26T06:27:41","date_gmt":"2021-11-26T11:27:41","guid":{"rendered":"https:\/\/linitiative.ca\/International\/ladd-sengage-pour-des-partenariats-durables-avec-les-pays-africains\/"},"modified":"2021-11-26T06:27:41","modified_gmt":"2021-11-26T11:27:41","slug":"ladd-sengage-pour-des-partenariats-durables-avec-les-pays-africains","status":"publish","type":"post","link":"https:\/\/linitiative.ca\/International\/ladd-sengage-pour-des-partenariats-durables-avec-les-pays-africains\/","title":{"rendered":"L\u2019ADD s\u2019engage pour des partenariats durables avec les pays africains"},"content":{"rendered":"<div>\n<div style=\"margin-bottom:20px;\"><img loading=\"lazy\" decoding=\"async\" width=\"750\" height=\"430\" src=\"https:\/\/linitiative.ca\/International\/wp-content\/uploads\/sites\/23\/2021\/11\/adddd-copier-1.jpg\" class=\"attachment-post-thumbnail size-post-thumbnail wp-post-image\" alt=\"\" srcset=\"https:\/\/linitiative.ca\/International\/wp-content\/uploads\/sites\/23\/2021\/11\/adddd-copier-1.jpg 750w, http:\/\/www.mapmarrakech.ma\/map\/uploads\/2021\/11\/adddd-copier-1-300x172.jpg 300w\" sizes=\"auto, (max-width: 750px) 100vw, 750px\"><\/div>\n<p>Lors de cette \u00e9dition, de deux jours,\u00a0qui r\u00e9unit les acteurs majeurs de l\u2019\u00e9cosyst\u00e8me num\u00e9rique pour d\u00e9battre de la transformation digitale en Afrique, ses enjeux et ses impacts, l\u2019ADD a mis en lumi\u00e8re ses r\u00e9alisations et ses missions, et a organis\u00e9 des rencontres de haut niveau avec des acteurs du secteur public et priv\u00e9, le temps d\u2019\u00e9changer autour des meilleures pratiques de r\u00e9alisation et d\u2019\u00e9laboration de strat\u00e9gies nationales de d\u00e9veloppement du num\u00e9rique.<\/p>\n<p>Le directeur g\u00e9n\u00e9ral de l\u2019ADD, M. Sidi Mohammed Drissi Melyani, qui \u00e9tait l\u2019invit\u00e9 de l\u2019\u00e9mission \u00ab\u00a0Face \u00e0 face\u00a0\u00bb pr\u00e9sent\u00e9e par la journaliste, Sinatou Saka dans le cadre de cette 10\u00e8 \u00e9dition des ATDA, a soulign\u00e9 \u00e0 cette occasion, que cette Agence nationale repr\u00e9sente un acteur institutionnel important, dot\u00e9 de la mission de structurer l\u2019\u00e9cosyst\u00e8me du digital et de faire \u00e9merger de v\u00e9ritables op\u00e9rateurs dans l\u2019\u00e9conomie num\u00e9rique.<\/p>\n<p>M.Drissi Melyani, a, de m\u00eame, pr\u00e9sent\u00e9 les grandes r\u00e9alisations de l\u2019ADD depuis sa cr\u00e9ation ainsi que les principaux projets qu\u2019elle compte lancer, rappelant que les attributions de cette Agence nationale consistent \u00e9galement \u00e0 r\u00e9duire la fracture num\u00e9rique, et \u00e0 garantir une inclusion digitale responsable et durable.<\/p>\n<p>Dans ce cadre, M. Drissi Melyani, a indiqu\u00e9 que cet \u00e9tablissement public est charg\u00e9 essentiellement de la mise en \u0153uvre de la strat\u00e9gie de l\u2019Etat en mati\u00e8re de d\u00e9veloppement du digital et l\u2019accompagnement de l\u2019administration dans le cadre de la transformation num\u00e9rique, notant que cette Agence est dot\u00e9e d\u2019une vision int\u00e9gr\u00e9e centr\u00e9e sur les citoyens, et ax\u00e9e sur trois volets \u00e0 savoir : l\u2019am\u00e9lioration des interactions entre le citoyen et l\u2019administration, l\u2019am\u00e9lioration de la productivit\u00e9 et la r\u00e9duction des disparit\u00e9s sociales.<\/p>\n<p>Dans le m\u00eame sillage, il a fait remarquer que les infrastructures sont d\u2019une importance capitale pour l\u2019acc\u00e9l\u00e9ration de la transformation digitale, laquelle repr\u00e9sente un levier important pour le d\u00e9veloppement de l\u2019\u00e9conomie nationale et celle africaine, avant de souligner que la crise sanitaire de la Covid-19 a incit\u00e9 l\u2019ADD \u00e0 acc\u00e9l\u00e9rer le d\u00e9veloppement du digital.<\/p>\n<p>Abordant les projets programm\u00e9s par cette Agence, il a fait savoir que l\u2019ADD compte lancer tr\u00e8s prochainement deux initiatives dont, la premi\u00e8re, ciblant pr\u00e8s de 3.000 jeunes, consiste \u00e0 reconvertir les jeunes aux m\u00e9tiers du digital pour \u00eatre en mesure de r\u00e9pondre aux besoins du march\u00e9 de l\u2019emploi, alors que le deuxi\u00e8me projet concerne la formation de 12.500 jeunes.<\/p>\n<p>Ces actions, a-t-il poursuivi, viennent s\u2019ajouter \u00e0 d\u2019autres visant le renforcement des comp\u00e9tences des jeunes pour la promotion de leur employabilit\u00e9 et la promotion de l\u2019innovation, et l\u2019encouragement de l\u2019entrepreneuriat, en plus de l\u2019ambition de doubler le nombre de postes dans le secteur de l\u2019Offshoring pour parvenir \u00e0 200.000 emplois via le digital.<\/p>\n<p>M.Drissi Melyani n\u2019a pas manqu\u00e9 de relever la corr\u00e9lation entre transformation num\u00e9rique et croissance \u00e9conomique, estimant que l\u2019Afrique a r\u00e9ussi une grande r\u00e9silience face \u00e0 la pand\u00e9mie de la Covid-19 et ce, gr\u00e2ce au digital.<\/p>\n<p>Dans le cadre de ces Assises, l\u2019ADD a organis\u00e9 une session pl\u00e9ni\u00e8re sous le th\u00e8me \u00ab\u00a0Quels apports de l\u2019IA pour un gouvernement intelligent et tourn\u00e9 vers l\u2019avenir ? D\u00e9veloppement des solutions pour une administration intelligente\u00a0\u00bb, avec la participation des responsables d\u2019\u00e9tablissements charg\u00e9s du d\u00e9veloppement du num\u00e9rique en Afrique.<\/p>\n<p>Intervenant \u00e0 cette pl\u00e9ni\u00e8re, M. Mohamed Fai\u00e7al Nebri, chef du D\u00e9partement strat\u00e9gie, d\u00e9veloppement, coop\u00e9ration et communication au sein de l\u2019ADD, a soulign\u00e9 que l\u2019usage de l\u2019IA est tr\u00e8s d\u00e9velopp\u00e9 dans le secteur public. Cependant, l\u2019IA connait de plus en plus un engouement du secteur priv\u00e9 au Maroc, a-t-il fait remarquer.<\/p>\n<p>Apr\u00e8s avoir pass\u00e9 en revue certains usages de l\u2019IA allant de choses simples, telles que l\u2019am\u00e9lioration des interactions entre citoyens et l\u2019administration vers des choses beaucoup plus compliqu\u00e9es, M. Nebri, a soulign\u00e9 que le Maroc est dot\u00e9 d\u2019un v\u00e9ritable \u00e9cosyst\u00e8me, \u00e0 m\u00eame de garantir la r\u00e9ussite de sa transformation num\u00e9rique.<\/p>\n<p>Les autres participants \u00e0 cette session ont \u00e9t\u00e9 unanimes, quant \u00e0 eux, \u00e0 rappeler que l\u2019IA est un concept qui a \u00e9merg\u00e9 au d\u00e9but des ann\u00e9es 90 du si\u00e8cle dernier mais, qui connait aujourd\u2019hui un engouement remarquable \u00e9tant donn\u00e9 qu\u2019elle s\u2019est d\u00e9mocratis\u00e9e, soulignant l\u2019urgence d\u2019\u00e9riger l\u2019IA en priorit\u00e9 en Afrique.<\/p>\n<p>Le Continent africain peut s\u2019appuyer sur ses atouts pour r\u00e9duire le gap avec les pays d\u00e9velopp\u00e9s dans ce domaine, ont-ils ajout\u00e9, appelant \u00e0 continuer \u00e0 investir davantage dans l\u2019IA, une technologie qui permettra de cr\u00e9er de la richesse.<\/p>\n<p>Organis\u00e9e conjointement par Cio Mag et la Commission Nationale de Contr\u00f4le de la Protection des Donn\u00e9es \u00e0 Caract\u00e8re Personnel (CNDP), cette 10\u00e8 \u00e9dition des ATDA connait la participation de pr\u00e8s de 300 personnes, dont des institutionnels, des d\u00e9cideurs publics et priv\u00e9s, des chefs d\u2019entreprises, des responsables de grandes \u00e9coles, des op\u00e9rateurs de l\u2019\u00e9cosyst\u00e8me digital, start-up, des ONG, des bailleurs de fonds, des Agences de r\u00e9gulation et des PME, issues d\u2019une quinzaine de pays africains et europ\u00e9ens.<\/p>\n<p>Au programme de ce conclave, figurent une session sous le th\u00e8me \u00ab\u00a0Regards crois\u00e9s des strat\u00e9gies nationales num\u00e9riques en Afrique : Quelle place pour la souverainet\u00e9\u00a0num\u00e9rique\u00a0des Etats?\u00a0\u00bb, avec la participation de plusieurs ministres africains ainsi que des workshops et sessions pl\u00e9ni\u00e8res portant sur des th\u00e9matiques relatives, notamment aux \u00ab\u00a0Infrastructures et souverainet\u00e9 num\u00e9rique\u00a0\u00bb, et \u00e0 \u00ab\u00a0la strat\u00e9gie d\u2019acc\u00e9l\u00e9ration du digital et cloud souverain en Afrique\u00a0\u00bb.<\/p>\n<p>Les d\u00e9bats s\u2019articuleront aussi sur des questions se rapportant aux \u00ab\u00a0solutions technologiques et potentiel d\u2019innovation\u00a0\u00bb, \u00ab\u00a0soutenir et financer l\u2019\u00e9cosyst\u00e8me d\u2019innovation et entrepreneurial en Afrique\u00a0\u00bb, au \u00ab\u00a0d\u00e9veloppement des solutions pour une administration intelligente\u00a0\u00bb et au \u00ab\u00a0capital humain et acculturation au num\u00e9rique\u00a0\u00bb.<\/p>\n<p>The post <a rel=\"nofollow\" href=\"http:\/\/www.mapmarrakech.ma\/fr\/ladd-sengage-pour-des-partenariats-durables-avec-les-pays-africains\/\">L\u2019ADD s\u2019engage pour des partenariats durables avec les pays africains<\/a> appeared first on <a rel=\"nofollow\" href=\"http:\/\/www.mapmarrakech.ma\/fr\">MapMarrakech<\/a>.<\/p>\n<\/div>\n<p>Auteur: Meriem IGASS<br \/>\n<a href=\"http:\/\/www.mapmarrakech.ma\/fr\/ladd-sengage-pour-des-partenariats-durables-avec-les-pays-africains\/\">Cliquez ici pour lire l&rsquo;article depuis sa source.<\/a><\/p>\n","protected":false},"excerpt":{"rendered":"<p>Lors de cette \u00e9dition, de deux jours,\u00a0qui r\u00e9unit les acteurs majeurs de l\u2019\u00e9cosyst\u00e8me num\u00e9rique pour d\u00e9battre de la transformation digitale en Afrique, ses enjeux et ses impacts, l\u2019ADD a mis en lumi\u00e8re ses r\u00e9alisations et ses missions, et a organis\u00e9 des rencontres de haut niveau avec des acteurs du secteur public et priv\u00e9, le temps [&hellip;]<\/p>\n","protected":false},"author":1788,"featured_media":0,"comment_status":"closed","ping_status":"closed","sticky":false,"template":"","format":"standard","meta":{"fifu_image_url":"http:\/\/www.mapmarrakech.ma\/map\/uploads\/2021\/11\/adddd-copier-1.jpg","fifu_image_alt":"L\u2019ADD s\u2019engage pour des partenariats durables avec les pays africains","footnotes":""},"categories":[54,76],"tags":[],"class_list":["post-134053","post","type-post","status-publish","format-standard","hentry","category-maroc","category-regions"],"_links":{"self":[{"href":"https:\/\/linitiative.ca\/International\/wp-json\/wp\/v2\/posts\/134053","targetHints":{"allow":["GET"]}}],"collection":[{"href":"https:\/\/linitiative.ca\/International\/wp-json\/wp\/v2\/posts"}],"about":[{"href":"https:\/\/linitiative.ca\/International\/wp-json\/wp\/v2\/types\/post"}],"author":[{"embeddable":true,"href":"https:\/\/linitiative.ca\/International\/wp-json\/wp\/v2\/users\/1788"}],"replies":[{"embeddable":true,"href":"https:\/\/linitiative.ca\/International\/wp-json\/wp\/v2\/comments?post=134053"}],"version-history":[{"count":0,"href":"https:\/\/linitiative.ca\/International\/wp-json\/wp\/v2\/posts\/134053\/revisions"}],"wp:attachment":[{"href":"https:\/\/linitiative.ca\/International\/wp-json\/wp\/v2\/media?parent=134053"}],"wp:term":[{"taxonomy":"category","embeddable":true,"href":"https:\/\/linitiative.ca\/International\/wp-json\/wp\/v2\/categories?post=134053"},{"taxonomy":"post_tag","embeddable":true,"href":"https:\/\/linitiative.ca\/International\/wp-json\/wp\/v2\/tags?post=134053"}],"curies":[{"name":"wp","href":"https:\/\/api.w.org\/{rel}","templated":true}]}}