{"id":134055,"date":"2021-11-26T07:12:22","date_gmt":"2021-11-26T12:12:22","guid":{"rendered":"https:\/\/linitiative.ca\/International\/la-protection-de-la-vie-privee-ne-constitue-nullement-un-ralentissement-du-digital\/"},"modified":"2021-11-26T07:12:22","modified_gmt":"2021-11-26T12:12:22","slug":"la-protection-de-la-vie-privee-ne-constitue-nullement-un-ralentissement-du-digital","status":"publish","type":"post","link":"https:\/\/linitiative.ca\/International\/la-protection-de-la-vie-privee-ne-constitue-nullement-un-ralentissement-du-digital\/","title":{"rendered":"La protection de la vie priv\u00e9e ne constitue nullement un ralentissement du digital"},"content":{"rendered":"<div>\n<div style=\"margin-bottom:20px;\"><img loading=\"lazy\" decoding=\"async\" width=\"750\" height=\"430\" src=\"https:\/\/linitiative.ca\/International\/wp-content\/uploads\/sites\/23\/2021\/11\/omar-copier.jpg\" class=\"attachment-post-thumbnail size-post-thumbnail wp-post-image\" alt=\"\" srcset=\"https:\/\/linitiative.ca\/International\/wp-content\/uploads\/sites\/23\/2021\/11\/omar-copier.jpg 750w, http:\/\/www.mapmarrakech.ma\/map\/uploads\/2021\/11\/omar-copier-300x172.jpg 300w\" sizes=\"auto, (max-width: 750px) 100vw, 750px\"><\/div>\n<p>\u00ab\u00a0La protection de la vie priv\u00e9e doit \u00eatre per\u00e7ue comme un accompagnement favorable devant cr\u00e9er la confiance n\u00e9cessaire pour encourager le digital\u00a0\u00bb, a-t-il ajout\u00e9 \u00e0 l\u2019occasion de sa participation aux travaux de la 10\u00e8 \u00e9dition des Assises de la Transformation Digitale en Afrique (ATDA), un \u00e9v\u00e9nement d\u2019envergure qui se tient, deux jours durant, pour la premi\u00e8re fois au Maroc et en Afrique.<\/p>\n<p>Dans ce contexte, M. Seghrouchni a mis l\u2019accent sur la notion de \u00ab\u00a0la confiance num\u00e9rique\u00a0\u00bb, estimant que plus le citoyen se sentira prot\u00e9ger, plus il verra ses int\u00e9r\u00eats respect\u00e9s et plus il pourra adh\u00e9rer au digital et conforter les investissements que font les Etats, les gouvernements et les divers acteurs de l\u2019\u00e9cosyst\u00e8me num\u00e9rique.<\/p>\n<p>Dans ce sens, il a soulign\u00e9 la n\u00e9cessit\u00e9 de consentir davantage d\u2019efforts pour l\u2019\u00e9mergence d\u2019un \u00ab\u00a0citoyen num\u00e9rique africain\u00a0\u00bb, qui ne doit plus rester un simple consommateur du num\u00e9rique, relevant qu\u2019en abritant cette manifestation d\u2019envergure, le Maroc ne faillit pas \u00e0 son r\u00f4le de terre de rassemblement des fr\u00e8res et s\u0153urs africains.<\/p>\n<p>Lors d\u2019un Side Event organis\u00e9 par la CNDP dans le cadre de cette 10\u00e8 \u00e9dition des ATDA, autour du th\u00e8me \u00ab\u00a0L\u2019institution du M\u00e9diateur du Royaume du Maroc &amp; CNDP\u00a0: La continuit\u00e9 juridique de la protection de la vie priv\u00e9e au service de la disruption positive du digital. Cas des donn\u00e9es comportementales\u00a0\u00bb, M. Seghrouchni, a insist\u00e9 sur la n\u00e9cessit\u00e9 de travailler ensemble dans plusieurs pays pour savoir comment appr\u00e9hender la probl\u00e9matique de ces plateformes internationales qui cr\u00e9ent des ruptures juridiques.<\/p>\n<p>Dans ce cadre, il a expliqu\u00e9 que \u00ab\u00a0la disruption juridique\u00a0\u00bb se produit lorsqu\u2019un citoyen souhaite acc\u00e9der \u00e0 un service et il est amen\u00e9 \u00e0 fournir un ensemble de donn\u00e9es \u00e0 caract\u00e8re personnel.<\/p>\n<p>Lors de ce Side Event, Mme Salwa Jmila, Cheffe du service coordination et suivi des projets informatiques au sein de la Direction G\u00e9n\u00e9rale de la S\u00fbret\u00e9 Nationale (DGSN), a, quant \u00e0 elle, pr\u00e9sent\u00e9 un expos\u00e9 d\u00e9taill\u00e9 sur le projet de la Carte Nationale, dite de deuxi\u00e8me g\u00e9n\u00e9ration.<\/p>\n<p>Organis\u00e9e conjointement par Cio Mag et la CNDP, cette 10\u00e8 \u00e9dition des ATDA connait la participation de pr\u00e8s de 300 personnes, dont des institutionnels, des d\u00e9cideurs publics et priv\u00e9s, des chefs d\u2019entreprises, des responsables de grandes \u00e9coles, des op\u00e9rateurs de l\u2019\u00e9cosyst\u00e8me digital, start-up, des ONG, des bailleurs de fonds, des Agences de r\u00e9gulation et des PME, issues d\u2019une quinzaine de pays africains et europ\u00e9ens.<\/p>\n<p>Au programme de ce conclave, figurent une session sous le th\u00e8me \u00ab\u00a0Regards crois\u00e9s des strat\u00e9gies nationales num\u00e9riques en Afrique : Quelle place pour la souverainet\u00e9 num\u00e9rique des Etats?\u00a0\u00bb, avec la participation de plusieurs ministres africains ainsi que des workshops et sessions pl\u00e9ni\u00e8res portant sur des th\u00e9matiques relatives, notamment aux \u00ab\u00a0Infrastructures et souverainet\u00e9 num\u00e9rique\u00a0\u00bb, et \u00e0 \u00ab\u00a0la strat\u00e9gie d\u2019acc\u00e9l\u00e9ration du digital et cloud souverain en Afrique\u00a0\u00bb.<\/p>\n<p>Les d\u00e9bats s\u2019articuleront aussi sur des questions se rapportant aux \u00ab\u00a0solutions technologiques et potentiel d\u2019innovation\u00a0\u00bb, \u00ab\u00a0soutenir et financer l\u2019\u00e9cosyst\u00e8me d\u2019innovation et entrepreneurial en Afrique\u00a0\u00bb, au \u00ab\u00a0d\u00e9veloppement des solutions pour une administration intelligente\u00a0\u00bb et au \u00ab\u00a0capital humain et acculturation au num\u00e9rique\u00a0\u00bb.<\/p>\n<p>The post <a rel=\"nofollow\" href=\"http:\/\/www.mapmarrakech.ma\/fr\/la-protection-de-la-vie-privee-ne-constitue-nullement-un-ralentissement-du-digital\/\">La protection de la vie priv\u00e9e ne constitue nullement un ralentissement du digital<\/a> appeared first on <a rel=\"nofollow\" href=\"http:\/\/www.mapmarrakech.ma\/fr\">MapMarrakech<\/a>.<\/p>\n<\/div>\n<p>Auteur: Meriem IGASS<br \/>\n<a href=\"http:\/\/www.mapmarrakech.ma\/fr\/la-protection-de-la-vie-privee-ne-constitue-nullement-un-ralentissement-du-digital\/\">Cliquez ici pour lire l&rsquo;article depuis sa source.<\/a><\/p>\n","protected":false},"excerpt":{"rendered":"<p>\u00ab\u00a0La protection de la vie priv\u00e9e doit \u00eatre per\u00e7ue comme un accompagnement favorable devant cr\u00e9er la confiance n\u00e9cessaire pour encourager le digital\u00a0\u00bb, a-t-il ajout\u00e9 \u00e0 l\u2019occasion de sa participation aux travaux de la 10\u00e8 \u00e9dition des Assises de la Transformation Digitale en Afrique (ATDA), un \u00e9v\u00e9nement d\u2019envergure qui se tient, deux jours durant, pour la [&hellip;]<\/p>\n","protected":false},"author":1788,"featured_media":0,"comment_status":"closed","ping_status":"closed","sticky":false,"template":"","format":"standard","meta":{"fifu_image_url":"http:\/\/www.mapmarrakech.ma\/map\/uploads\/2021\/11\/omar-copier.jpg","fifu_image_alt":"La protection de la vie priv\u00e9e ne constitue nullement un ralentissement du digital","footnotes":""},"categories":[54,76],"tags":[],"class_list":["post-134055","post","type-post","status-publish","format-standard","hentry","category-maroc","category-regions"],"_links":{"self":[{"href":"https:\/\/linitiative.ca\/International\/wp-json\/wp\/v2\/posts\/134055","targetHints":{"allow":["GET"]}}],"collection":[{"href":"https:\/\/linitiative.ca\/International\/wp-json\/wp\/v2\/posts"}],"about":[{"href":"https:\/\/linitiative.ca\/International\/wp-json\/wp\/v2\/types\/post"}],"author":[{"embeddable":true,"href":"https:\/\/linitiative.ca\/International\/wp-json\/wp\/v2\/users\/1788"}],"replies":[{"embeddable":true,"href":"https:\/\/linitiative.ca\/International\/wp-json\/wp\/v2\/comments?post=134055"}],"version-history":[{"count":0,"href":"https:\/\/linitiative.ca\/International\/wp-json\/wp\/v2\/posts\/134055\/revisions"}],"wp:attachment":[{"href":"https:\/\/linitiative.ca\/International\/wp-json\/wp\/v2\/media?parent=134055"}],"wp:term":[{"taxonomy":"category","embeddable":true,"href":"https:\/\/linitiative.ca\/International\/wp-json\/wp\/v2\/categories?post=134055"},{"taxonomy":"post_tag","embeddable":true,"href":"https:\/\/linitiative.ca\/International\/wp-json\/wp\/v2\/tags?post=134055"}],"curies":[{"name":"wp","href":"https:\/\/api.w.org\/{rel}","templated":true}]}}