{"id":134061,"date":"2021-11-26T08:30:13","date_gmt":"2021-11-26T13:30:13","guid":{"rendered":"https:\/\/linitiative.ca\/International\/averses-orageuses-localement-fortes-et-chute-de-neige\/"},"modified":"2021-11-26T08:30:13","modified_gmt":"2021-11-26T13:30:13","slug":"averses-orageuses-localement-fortes-et-chute-de-neige","status":"publish","type":"post","link":"https:\/\/linitiative.ca\/International\/averses-orageuses-localement-fortes-et-chute-de-neige\/","title":{"rendered":"Averses orageuses localement fortes et chute de neige"},"content":{"rendered":"<div>\n<div style=\"margin-bottom:20px;\"><img loading=\"lazy\" decoding=\"async\" width=\"750\" height=\"430\" src=\"https:\/\/linitiative.ca\/International\/wp-content\/uploads\/sites\/23\/2021\/11\/Averses-orageuses-1.jpg\" class=\"attachment-post-thumbnail size-post-thumbnail wp-post-image\" alt=\"\" srcset=\"https:\/\/linitiative.ca\/International\/wp-content\/uploads\/sites\/23\/2021\/11\/Averses-orageuses-1.jpg 750w, http:\/\/www.mapmarrakech.ma\/map\/uploads\/2021\/04\/Averses-orageuses-1-300x172.jpg 300w\" sizes=\"auto, (max-width: 750px) 100vw, 750px\"><\/div>\n<p>Des chutes de neige (10-20 cm), pr\u00e9vues du vendredi \u00e0 15h00 au dimanche \u00e0 10h00, int\u00e9resseront les provinces d\u2019Al Haouz, Azilal, Beni Mellal, Boulemane, Ifrane, Kh\u00e9nifra, Midelt, Sefrou et Taza, a pr\u00e9cis\u00e9 la DGM dans un bulletin d\u2019alerte m\u00e9t\u00e9orologique de niveau orange.<\/p>\n<p>De m\u00eame, des averses orageuses localement fortes (20-25 mm), pr\u00e9vues du vendredi \u00e0 18h00 au samedi \u00e0 10h00, concerneront les provinces de Guelmim, Tan-Tan et Tarfaya, a-t-on ajout\u00e9.<\/p>\n<p>The post <a rel=\"nofollow\" href=\"http:\/\/www.mapmarrakech.ma\/fr\/averses-orageuses-localement-fortes-et-chute-de-neige\/\">Averses orageuses localement fortes et chute de neige<\/a> appeared first on <a rel=\"nofollow\" href=\"http:\/\/www.mapmarrakech.ma\/fr\">MapMarrakech<\/a>.<\/p>\n<\/div>\n<p>Auteur: Meriem IGASS<br \/>\n<a href=\"http:\/\/www.mapmarrakech.ma\/fr\/averses-orageuses-localement-fortes-et-chute-de-neige\/\">Cliquez ici pour lire l&rsquo;article depuis sa source.<\/a><\/p>\n","protected":false},"excerpt":{"rendered":"<p>Des chutes de neige (10-20 cm), pr\u00e9vues du vendredi \u00e0 15h00 au dimanche \u00e0 10h00, int\u00e9resseront les provinces d\u2019Al Haouz, Azilal, Beni Mellal, Boulemane, Ifrane, Kh\u00e9nifra, Midelt, Sefrou et Taza, a pr\u00e9cis\u00e9 la DGM dans un bulletin d\u2019alerte m\u00e9t\u00e9orologique de niveau orange. De m\u00eame, des averses orageuses localement fortes (20-25 mm), pr\u00e9vues du vendredi \u00e0 [&hellip;]<\/p>\n","protected":false},"author":1788,"featured_media":0,"comment_status":"closed","ping_status":"closed","sticky":false,"template":"","format":"standard","meta":{"fifu_image_url":"http:\/\/www.mapmarrakech.ma\/map\/uploads\/2021\/04\/Averses-orageuses-1.jpg","fifu_image_alt":"Averses orageuses localement fortes et chute de neige","footnotes":""},"categories":[54,76],"tags":[],"class_list":["post-134061","post","type-post","status-publish","format-standard","hentry","category-maroc","category-regions"],"_links":{"self":[{"href":"https:\/\/linitiative.ca\/International\/wp-json\/wp\/v2\/posts\/134061","targetHints":{"allow":["GET"]}}],"collection":[{"href":"https:\/\/linitiative.ca\/International\/wp-json\/wp\/v2\/posts"}],"about":[{"href":"https:\/\/linitiative.ca\/International\/wp-json\/wp\/v2\/types\/post"}],"author":[{"embeddable":true,"href":"https:\/\/linitiative.ca\/International\/wp-json\/wp\/v2\/users\/1788"}],"replies":[{"embeddable":true,"href":"https:\/\/linitiative.ca\/International\/wp-json\/wp\/v2\/comments?post=134061"}],"version-history":[{"count":0,"href":"https:\/\/linitiative.ca\/International\/wp-json\/wp\/v2\/posts\/134061\/revisions"}],"wp:attachment":[{"href":"https:\/\/linitiative.ca\/International\/wp-json\/wp\/v2\/media?parent=134061"}],"wp:term":[{"taxonomy":"category","embeddable":true,"href":"https:\/\/linitiative.ca\/International\/wp-json\/wp\/v2\/categories?post=134061"},{"taxonomy":"post_tag","embeddable":true,"href":"https:\/\/linitiative.ca\/International\/wp-json\/wp\/v2\/tags?post=134061"}],"curies":[{"name":"wp","href":"https:\/\/api.w.org\/{rel}","templated":true}]}}