{"id":134073,"date":"2021-11-26T09:12:45","date_gmt":"2021-11-26T14:12:45","guid":{"rendered":"https:\/\/linitiative.ca\/International\/du-video-mapping-a-lancienne-gare-casa-voyageurs\/"},"modified":"2021-11-26T09:12:45","modified_gmt":"2021-11-26T14:12:45","slug":"du-video-mapping-a-lancienne-gare-casa-voyageurs","status":"publish","type":"post","link":"https:\/\/linitiative.ca\/International\/du-video-mapping-a-lancienne-gare-casa-voyageurs\/","title":{"rendered":"Du vid\u00e9o mapping \u00e0 l\u2019ancienne gare Casa Voyageurs"},"content":{"rendered":"<div>\n<div class=\"field field-name-body field-type-text-with-summary field-label-hidden\">\n<div class=\"field-items\">\n<div class=\"field-item even\" property=\"content:encoded\">\n<p class=\"rtejustify\">Ce samedi 27 novembre, entre 20h et 22h, l\u2019ancienne gare Casa Voyageurs fera l\u2019objet d\u2019un spectacle audiovisuel de haut vol.<\/p>\n<p class=\"rtejustify\">Durant ces deux heures, l\u2019artiste sp\u00e9cialis\u00e9 en live audiovisuel et en sc\u00e9nographie, Cyril Meroni, s\u2019emparera de la fa\u00e7ade du b\u00e2timent embl\u00e9matique pour y projeter un show complet de vid\u00e9o mapping. Une initiative que l\u2019on doit \u00e0 l\u2019Institut fran\u00e7ais de Casablanca, port\u00e9e \u00e0 l\u2019occasion de la soir\u00e9e de cl\u00f4ture du Festival international d\u2019Art Vid\u00e9o.<\/p>\n<p class=\"rtejustify\"><em>K.A.<\/em><\/p>\n<\/div>\n<\/div>\n<\/div>\n<\/div>\n<p>Auteur: mbasraoui<br \/>\n<a href=\"https:\/\/www.leconomiste.com\/flash-infos\/du-video-mapping-l-ancienne-gare-casa-voyageurs\">Cliquez ici pour lire l&rsquo;article depuis sa source.<\/a><\/p>\n","protected":false},"excerpt":{"rendered":"<p>Ce samedi 27 novembre, entre 20h et 22h, l\u2019ancienne gare Casa Voyageurs fera l\u2019objet d\u2019un spectacle audiovisuel de haut vol. Durant ces deux heures, l\u2019artiste sp\u00e9cialis\u00e9 en live audiovisuel et en sc\u00e9nographie, Cyril Meroni, s\u2019emparera de la fa\u00e7ade du b\u00e2timent embl\u00e9matique pour y projeter un show complet de vid\u00e9o mapping. Une initiative que l\u2019on doit [&hellip;]<\/p>\n","protected":false},"author":1763,"featured_media":0,"comment_status":"closed","ping_status":"closed","sticky":false,"template":"","format":"standard","meta":{"fifu_image_url":"","fifu_image_alt":"","footnotes":""},"categories":[78,54],"tags":[],"class_list":["post-134073","post","type-post","status-publish","format-standard","hentry","category-economie","category-maroc"],"_links":{"self":[{"href":"https:\/\/linitiative.ca\/International\/wp-json\/wp\/v2\/posts\/134073","targetHints":{"allow":["GET"]}}],"collection":[{"href":"https:\/\/linitiative.ca\/International\/wp-json\/wp\/v2\/posts"}],"about":[{"href":"https:\/\/linitiative.ca\/International\/wp-json\/wp\/v2\/types\/post"}],"author":[{"embeddable":true,"href":"https:\/\/linitiative.ca\/International\/wp-json\/wp\/v2\/users\/1763"}],"replies":[{"embeddable":true,"href":"https:\/\/linitiative.ca\/International\/wp-json\/wp\/v2\/comments?post=134073"}],"version-history":[{"count":0,"href":"https:\/\/linitiative.ca\/International\/wp-json\/wp\/v2\/posts\/134073\/revisions"}],"wp:attachment":[{"href":"https:\/\/linitiative.ca\/International\/wp-json\/wp\/v2\/media?parent=134073"}],"wp:term":[{"taxonomy":"category","embeddable":true,"href":"https:\/\/linitiative.ca\/International\/wp-json\/wp\/v2\/categories?post=134073"},{"taxonomy":"post_tag","embeddable":true,"href":"https:\/\/linitiative.ca\/International\/wp-json\/wp\/v2\/tags?post=134073"}],"curies":[{"name":"wp","href":"https:\/\/api.w.org\/{rel}","templated":true}]}}