{"id":134075,"date":"2021-11-26T10:32:35","date_gmt":"2021-11-26T15:32:35","guid":{"rendered":"https:\/\/linitiative.ca\/International\/covid-19-154-nouveaux-cas-plus-de-244-millions-primo-vaccines\/"},"modified":"2021-11-26T10:32:35","modified_gmt":"2021-11-26T15:32:35","slug":"covid-19-154-nouveaux-cas-plus-de-244-millions-primo-vaccines","status":"publish","type":"post","link":"https:\/\/linitiative.ca\/International\/covid-19-154-nouveaux-cas-plus-de-244-millions-primo-vaccines\/","title":{"rendered":"Covid-19: 154 nouveaux cas, plus de 24,4 millions primo-vaccin\u00e9s"},"content":{"rendered":"<div>\n<div class=\"field field-name-body field-type-text-with-summary field-label-hidden\">\n<div class=\"field-items\">\n<div class=\"field-item even\" property=\"content:encoded\">\n<p class=\"rtejustify\">Un total de 154 nouveaux cas d&rsquo;infection au nouveau coronavirus (Covid-19), 164 gu\u00e9risons et trois d\u00e9c\u00e8s a \u00e9t\u00e9 enregistr\u00e9s au Maroc au cours des derni\u00e8res 24 heures, a indiqu\u00e9 vendredi le minist\u00e8re de la Sant\u00e9 et de la protection sociale.<\/p>\n<\/div>\n<\/div>\n<\/div>\n<\/div>\n<p>Auteur: mbasraoui<br \/>\n<a href=\"https:\/\/www.leconomiste.com\/flash-infos\/covid-19-154-nouveaux-cas-plus-de-24-4-millions-primo-vaccines\">Cliquez ici pour lire l&rsquo;article depuis sa source.<\/a><\/p>\n","protected":false},"excerpt":{"rendered":"<p>Un total de 154 nouveaux cas d&rsquo;infection au nouveau coronavirus (Covid-19), 164 gu\u00e9risons et trois d\u00e9c\u00e8s a \u00e9t\u00e9 enregistr\u00e9s au Maroc au cours des derni\u00e8res 24 heures, a indiqu\u00e9 vendredi le minist\u00e8re de la Sant\u00e9 et de la protection sociale. Auteur: mbasraoui Cliquez ici pour lire l&rsquo;article depuis sa source.<\/p>\n","protected":false},"author":1763,"featured_media":0,"comment_status":"closed","ping_status":"closed","sticky":false,"template":"","format":"standard","meta":{"fifu_image_url":"","fifu_image_alt":"","footnotes":""},"categories":[78,54],"tags":[],"class_list":["post-134075","post","type-post","status-publish","format-standard","hentry","category-economie","category-maroc"],"_links":{"self":[{"href":"https:\/\/linitiative.ca\/International\/wp-json\/wp\/v2\/posts\/134075","targetHints":{"allow":["GET"]}}],"collection":[{"href":"https:\/\/linitiative.ca\/International\/wp-json\/wp\/v2\/posts"}],"about":[{"href":"https:\/\/linitiative.ca\/International\/wp-json\/wp\/v2\/types\/post"}],"author":[{"embeddable":true,"href":"https:\/\/linitiative.ca\/International\/wp-json\/wp\/v2\/users\/1763"}],"replies":[{"embeddable":true,"href":"https:\/\/linitiative.ca\/International\/wp-json\/wp\/v2\/comments?post=134075"}],"version-history":[{"count":0,"href":"https:\/\/linitiative.ca\/International\/wp-json\/wp\/v2\/posts\/134075\/revisions"}],"wp:attachment":[{"href":"https:\/\/linitiative.ca\/International\/wp-json\/wp\/v2\/media?parent=134075"}],"wp:term":[{"taxonomy":"category","embeddable":true,"href":"https:\/\/linitiative.ca\/International\/wp-json\/wp\/v2\/categories?post=134075"},{"taxonomy":"post_tag","embeddable":true,"href":"https:\/\/linitiative.ca\/International\/wp-json\/wp\/v2\/tags?post=134075"}],"curies":[{"name":"wp","href":"https:\/\/api.w.org\/{rel}","templated":true}]}}