{"id":134079,"date":"2021-11-26T08:00:00","date_gmt":"2021-11-26T13:00:00","guid":{"rendered":"https:\/\/linitiative.ca\/International\/galatasaray-feghouli-a-mis-tout-le-monde-daccord-face-a-lom\/"},"modified":"2021-11-26T08:00:00","modified_gmt":"2021-11-26T13:00:00","slug":"galatasaray-feghouli-a-mis-tout-le-monde-daccord-face-a-lom","status":"publish","type":"post","link":"https:\/\/linitiative.ca\/International\/galatasaray-feghouli-a-mis-tout-le-monde-daccord-face-a-lom\/","title":{"rendered":"Galatasaray : Feghouli a mis tout le monde d&rsquo;accord face \u00e0 l&rsquo;OM"},"content":{"rendered":"<div>La performance de Sofiane Feghouli a \u00e9t\u00e9 particuli\u00e8rement remarqu\u00e9e lors du match de Ligue Europa remport\u00e9 par Galatasaray face \u00e0 l&rsquo;OM<\/div>\n<p>Auteur:<br \/>\n<a href=\"https:\/\/www.lebuteur.com\/article\/detail?titre=galatasaray-feghouli-a-mis-tout-le-monde-daccord-face-a-lom&#038;id=101663\">Cliquez ici pour lire l&rsquo;article depuis sa source.<\/a><\/p>\n","protected":false},"excerpt":{"rendered":"<p>La performance de Sofiane Feghouli a \u00e9t\u00e9 particuli\u00e8rement remarqu\u00e9e lors du match de Ligue Europa remport\u00e9 par Galatasaray face \u00e0 l&rsquo;OM Auteur: Cliquez ici pour lire l&rsquo;article depuis sa source.<\/p>\n","protected":false},"author":1738,"featured_media":0,"comment_status":"closed","ping_status":"closed","sticky":false,"template":"","format":"standard","meta":{"fifu_image_url":"","fifu_image_alt":"","footnotes":""},"categories":[53,75],"tags":[],"class_list":["post-134079","post","type-post","status-publish","format-standard","hentry","category-algerie","category-sport"],"_links":{"self":[{"href":"https:\/\/linitiative.ca\/International\/wp-json\/wp\/v2\/posts\/134079","targetHints":{"allow":["GET"]}}],"collection":[{"href":"https:\/\/linitiative.ca\/International\/wp-json\/wp\/v2\/posts"}],"about":[{"href":"https:\/\/linitiative.ca\/International\/wp-json\/wp\/v2\/types\/post"}],"author":[{"embeddable":true,"href":"https:\/\/linitiative.ca\/International\/wp-json\/wp\/v2\/users\/1738"}],"replies":[{"embeddable":true,"href":"https:\/\/linitiative.ca\/International\/wp-json\/wp\/v2\/comments?post=134079"}],"version-history":[{"count":0,"href":"https:\/\/linitiative.ca\/International\/wp-json\/wp\/v2\/posts\/134079\/revisions"}],"wp:attachment":[{"href":"https:\/\/linitiative.ca\/International\/wp-json\/wp\/v2\/media?parent=134079"}],"wp:term":[{"taxonomy":"category","embeddable":true,"href":"https:\/\/linitiative.ca\/International\/wp-json\/wp\/v2\/categories?post=134079"},{"taxonomy":"post_tag","embeddable":true,"href":"https:\/\/linitiative.ca\/International\/wp-json\/wp\/v2\/tags?post=134079"}],"curies":[{"name":"wp","href":"https:\/\/api.w.org\/{rel}","templated":true}]}}