{"id":134081,"date":"2021-11-26T13:25:00","date_gmt":"2021-11-26T18:25:00","guid":{"rendered":"https:\/\/linitiative.ca\/International\/qualifs-mondial-2022-afrique-la-date-du-tirage-au-sort-connue\/"},"modified":"2021-11-26T13:25:00","modified_gmt":"2021-11-26T18:25:00","slug":"qualifs-mondial-2022-afrique-la-date-du-tirage-au-sort-connue","status":"publish","type":"post","link":"https:\/\/linitiative.ca\/International\/qualifs-mondial-2022-afrique-la-date-du-tirage-au-sort-connue\/","title":{"rendered":"Qualifs Mondial 2022 (Afrique) : La date du tirage au sort connue"},"content":{"rendered":"<div>Le Bureau ex\u00e9cutif de la CAF a d\u00e9voil\u00e9 ce vendredi la date du tirage au sort des matchs barrages du mondial 2022 pour la zone Afrique<\/div>\n<p>Auteur:<br \/>\n<a href=\"https:\/\/www.lebuteur.com\/article\/detail?titre=qualifs-mondial-2022-afrique-la-date-du-tirage-au-sort-connue&#038;id=101665\">Cliquez ici pour lire l&rsquo;article depuis sa source.<\/a><\/p>\n","protected":false},"excerpt":{"rendered":"<p>Le Bureau ex\u00e9cutif de la CAF a d\u00e9voil\u00e9 ce vendredi la date du tirage au sort des matchs barrages du mondial 2022 pour la zone Afrique Auteur: Cliquez ici pour lire l&rsquo;article depuis sa source.<\/p>\n","protected":false},"author":1738,"featured_media":0,"comment_status":"closed","ping_status":"closed","sticky":false,"template":"","format":"standard","meta":{"fifu_image_url":"","fifu_image_alt":"","footnotes":""},"categories":[53,75],"tags":[],"class_list":["post-134081","post","type-post","status-publish","format-standard","hentry","category-algerie","category-sport"],"_links":{"self":[{"href":"https:\/\/linitiative.ca\/International\/wp-json\/wp\/v2\/posts\/134081","targetHints":{"allow":["GET"]}}],"collection":[{"href":"https:\/\/linitiative.ca\/International\/wp-json\/wp\/v2\/posts"}],"about":[{"href":"https:\/\/linitiative.ca\/International\/wp-json\/wp\/v2\/types\/post"}],"author":[{"embeddable":true,"href":"https:\/\/linitiative.ca\/International\/wp-json\/wp\/v2\/users\/1738"}],"replies":[{"embeddable":true,"href":"https:\/\/linitiative.ca\/International\/wp-json\/wp\/v2\/comments?post=134081"}],"version-history":[{"count":0,"href":"https:\/\/linitiative.ca\/International\/wp-json\/wp\/v2\/posts\/134081\/revisions"}],"wp:attachment":[{"href":"https:\/\/linitiative.ca\/International\/wp-json\/wp\/v2\/media?parent=134081"}],"wp:term":[{"taxonomy":"category","embeddable":true,"href":"https:\/\/linitiative.ca\/International\/wp-json\/wp\/v2\/categories?post=134081"},{"taxonomy":"post_tag","embeddable":true,"href":"https:\/\/linitiative.ca\/International\/wp-json\/wp\/v2\/tags?post=134081"}],"curies":[{"name":"wp","href":"https:\/\/api.w.org\/{rel}","templated":true}]}}