{"id":134082,"date":"2021-11-26T13:32:00","date_gmt":"2021-11-26T18:32:00","guid":{"rendered":"https:\/\/linitiative.ca\/International\/abeid-forfait-pour-la-coupe-arabe-son-remplacant-designe-par-bougherra\/"},"modified":"2021-11-26T13:32:00","modified_gmt":"2021-11-26T18:32:00","slug":"abeid-forfait-pour-la-coupe-arabe-son-remplacant-designe-par-bougherra","status":"publish","type":"post","link":"https:\/\/linitiative.ca\/International\/abeid-forfait-pour-la-coupe-arabe-son-remplacant-designe-par-bougherra\/","title":{"rendered":"Abeid forfait pour la Coupe Arabe. Son rempla\u00e7ant d\u00e9sign\u00e9 par Bougherra"},"content":{"rendered":"<div>Le milieu de terrain Mehdi Abeid (29 ans) a du d\u00e9clarer forfait sur blessure<\/div>\n<p>Auteur:<br \/>\n<a href=\"https:\/\/www.lebuteur.com\/article\/detail?titre=abeid-forfait-pour-la-coupe-arabe-son-remplacant-designe-par-bougherra&#038;id=101666\">Cliquez ici pour lire l&rsquo;article depuis sa source.<\/a><\/p>\n","protected":false},"excerpt":{"rendered":"<p>Le milieu de terrain Mehdi Abeid (29 ans) a du d\u00e9clarer forfait sur blessure Auteur: Cliquez ici pour lire l&rsquo;article depuis sa source.<\/p>\n","protected":false},"author":1738,"featured_media":0,"comment_status":"closed","ping_status":"closed","sticky":false,"template":"","format":"standard","meta":{"fifu_image_url":"","fifu_image_alt":"","footnotes":""},"categories":[53,75],"tags":[],"class_list":["post-134082","post","type-post","status-publish","format-standard","hentry","category-algerie","category-sport"],"_links":{"self":[{"href":"https:\/\/linitiative.ca\/International\/wp-json\/wp\/v2\/posts\/134082","targetHints":{"allow":["GET"]}}],"collection":[{"href":"https:\/\/linitiative.ca\/International\/wp-json\/wp\/v2\/posts"}],"about":[{"href":"https:\/\/linitiative.ca\/International\/wp-json\/wp\/v2\/types\/post"}],"author":[{"embeddable":true,"href":"https:\/\/linitiative.ca\/International\/wp-json\/wp\/v2\/users\/1738"}],"replies":[{"embeddable":true,"href":"https:\/\/linitiative.ca\/International\/wp-json\/wp\/v2\/comments?post=134082"}],"version-history":[{"count":0,"href":"https:\/\/linitiative.ca\/International\/wp-json\/wp\/v2\/posts\/134082\/revisions"}],"wp:attachment":[{"href":"https:\/\/linitiative.ca\/International\/wp-json\/wp\/v2\/media?parent=134082"}],"wp:term":[{"taxonomy":"category","embeddable":true,"href":"https:\/\/linitiative.ca\/International\/wp-json\/wp\/v2\/categories?post=134082"},{"taxonomy":"post_tag","embeddable":true,"href":"https:\/\/linitiative.ca\/International\/wp-json\/wp\/v2\/tags?post=134082"}],"curies":[{"name":"wp","href":"https:\/\/api.w.org\/{rel}","templated":true}]}}