{"id":134083,"date":"2021-11-26T09:12:00","date_gmt":"2021-11-26T14:12:00","guid":{"rendered":"https:\/\/linitiative.ca\/International\/maroc-les-vols-de-et-vers-lafrique-du-sud-et-dautres-pays-dafrique-australe-interdits\/"},"modified":"2021-11-26T09:12:00","modified_gmt":"2021-11-26T14:12:00","slug":"maroc-les-vols-de-et-vers-lafrique-du-sud-et-dautres-pays-dafrique-australe-interdits","status":"publish","type":"post","link":"https:\/\/linitiative.ca\/International\/maroc-les-vols-de-et-vers-lafrique-du-sud-et-dautres-pays-dafrique-australe-interdits\/","title":{"rendered":"Maroc. Les vols de et vers l\u2019Afrique du Sud et d\u2019autres pays d\u2019Afrique Australe interdits"},"content":{"rendered":"<div><img decoding=\"async\" width=\"1280\" height=\"852\" src=\"https:\/\/linitiative.ca\/International\/wp-content\/uploads\/sites\/23\/2021\/11\/ram-3.jpeg\" class=\"attachment-post-thumbnail size-post-thumbnail wp-post-image\" alt=\"\" loading=\"lazy\" srcset=\"https:\/\/linitiative.ca\/International\/wp-content\/uploads\/sites\/23\/2021\/11\/ram-3.jpeg 1280w, https:\/\/www.challenge.ma\/wp-content\/uploads\/2021\/11\/ram-3-300x200.jpeg 300w, https:\/\/www.challenge.ma\/wp-content\/uploads\/2021\/11\/ram-3-1024x682.jpeg 1024w, https:\/\/www.challenge.ma\/wp-content\/uploads\/2021\/11\/ram-3-768x511.jpeg 768w, https:\/\/www.challenge.ma\/wp-content\/uploads\/2021\/11\/ram-3-360x240.jpeg 360w, https:\/\/www.challenge.ma\/wp-content\/uploads\/2021\/11\/ram-3-750x499.jpeg 750w\" sizes=\"auto, (max-width: 1280px) 100vw, 1280px\" itemprop=\"image\">Les autorit\u00e9s marocaines ont d\u00e9cid\u00e9 d\u2019interdire l\u2019acc\u00e8s au territoire national \u00e0 tout passager en provenance de l\u2019Afrique du Sud, indique, vendredi, le Comit\u00e9 interminist\u00e9riel de coordination et de suivi du dispositif r\u00e9gissant les voyages internationaux pendant la pand\u00e9mie. Cette d\u00e9cision intervient dans le cadre des mesures prises pour pr\u00e9server les<\/div>\n<p>Auteur: challenge<br \/>\n<a href=\"https:\/\/www.challenge.ma\/covid-19-interdiction-dacces-au-territoire-marocain-a-tout-passager-en-provenance-de-lafrique-du-sud-227020\/\">Cliquez ici pour lire l&rsquo;article depuis sa source.<\/a><\/p>\n","protected":false},"excerpt":{"rendered":"<p>Les autorit\u00e9s marocaines ont d\u00e9cid\u00e9 d\u2019interdire l\u2019acc\u00e8s au territoire national \u00e0 tout passager en provenance de l\u2019Afrique du Sud, indique, vendredi, le Comit\u00e9 interminist\u00e9riel de coordination et de suivi du dispositif r\u00e9gissant les voyages internationaux pendant la pand\u00e9mie. Cette d\u00e9cision intervient dans le cadre des mesures prises pour pr\u00e9server les Auteur: challenge Cliquez ici pour [&hellip;]<\/p>\n","protected":false},"author":1787,"featured_media":0,"comment_status":"closed","ping_status":"closed","sticky":false,"template":"","format":"standard","meta":{"fifu_image_url":"https:\/\/www.challenge.ma\/wp-content\/uploads\/2021\/11\/ram-3.jpeg","fifu_image_alt":"Maroc. Les vols de et vers l\u2019Afrique du Sud et d\u2019autres pays d\u2019Afrique Australe interdits","footnotes":""},"categories":[78,54],"tags":[],"class_list":["post-134083","post","type-post","status-publish","format-standard","hentry","category-economie","category-maroc"],"_links":{"self":[{"href":"https:\/\/linitiative.ca\/International\/wp-json\/wp\/v2\/posts\/134083","targetHints":{"allow":["GET"]}}],"collection":[{"href":"https:\/\/linitiative.ca\/International\/wp-json\/wp\/v2\/posts"}],"about":[{"href":"https:\/\/linitiative.ca\/International\/wp-json\/wp\/v2\/types\/post"}],"author":[{"embeddable":true,"href":"https:\/\/linitiative.ca\/International\/wp-json\/wp\/v2\/users\/1787"}],"replies":[{"embeddable":true,"href":"https:\/\/linitiative.ca\/International\/wp-json\/wp\/v2\/comments?post=134083"}],"version-history":[{"count":0,"href":"https:\/\/linitiative.ca\/International\/wp-json\/wp\/v2\/posts\/134083\/revisions"}],"wp:attachment":[{"href":"https:\/\/linitiative.ca\/International\/wp-json\/wp\/v2\/media?parent=134083"}],"wp:term":[{"taxonomy":"category","embeddable":true,"href":"https:\/\/linitiative.ca\/International\/wp-json\/wp\/v2\/categories?post=134083"},{"taxonomy":"post_tag","embeddable":true,"href":"https:\/\/linitiative.ca\/International\/wp-json\/wp\/v2\/tags?post=134083"}],"curies":[{"name":"wp","href":"https:\/\/api.w.org\/{rel}","templated":true}]}}