{"id":134087,"date":"2021-11-26T13:26:42","date_gmt":"2021-11-26T18:26:42","guid":{"rendered":"https:\/\/linitiative.ca\/International\/ce-nouveau-variant-qui-inquiete-lunion-europeenne-suspend-tous-les-voyages-en-provenance-dafrique-australe\/"},"modified":"2021-11-26T13:26:42","modified_gmt":"2021-11-26T18:26:42","slug":"ce-nouveau-variant-qui-inquiete-lunion-europeenne-suspend-tous-les-voyages-en-provenance-dafrique-australe","status":"publish","type":"post","link":"https:\/\/linitiative.ca\/International\/ce-nouveau-variant-qui-inquiete-lunion-europeenne-suspend-tous-les-voyages-en-provenance-dafrique-australe\/","title":{"rendered":"Ce nouveau variant qui inqui\u00e8te: L\u2019Union Europ\u00e9enne suspend tous les voyages en provenance d\u2019Afrique Australe"},"content":{"rendered":"<div><img decoding=\"async\" width=\"932\" height=\"582\" src=\"https:\/\/linitiative.ca\/International\/wp-content\/uploads\/sites\/23\/2021\/11\/ursu.jpg\" class=\"attachment-post-thumbnail size-post-thumbnail wp-post-image\" alt=\"\" loading=\"lazy\" srcset=\"https:\/\/linitiative.ca\/International\/wp-content\/uploads\/sites\/23\/2021\/11\/ursu.jpg 932w, https:\/\/www.challenge.ma\/wp-content\/uploads\/2021\/11\/ursu-300x187.jpg 300w, https:\/\/www.challenge.ma\/wp-content\/uploads\/2021\/11\/ursu-768x480.jpg 768w, https:\/\/www.challenge.ma\/wp-content\/uploads\/2021\/11\/ursu-360x225.jpg 360w, https:\/\/www.challenge.ma\/wp-content\/uploads\/2021\/11\/ursu-750x468.jpg 750w\" sizes=\"auto, (max-width: 932px) 100vw, 932px\" itemprop=\"image\">Parall\u00e8lement \u00e0 la 5e vague qui d\u00e9ferle sur l\u2019Europe, un nouveau variant du Covid-19 vient d\u2019\u00eatre d\u00e9tect\u00e9 en Afrique du Sud. Un cas de ce B.1.1.529, d\u00e9j\u00e0 pr\u00e9sent au Botswana et m\u00eame \u00e0 Hong Kong, a \u00e9t\u00e9 d\u00e9tect\u00e9 en Isra\u00ebl et en Belgique. Les pays membres de l\u2019Union europ\u00e9enne se<\/div>\n<p>Auteur: challenge<br \/>\n<a href=\"https:\/\/www.challenge.ma\/ce-nouveau-variant-qui-inquiete-enormement-lunion-europeenne-suspend-tous-les-voyages-en-provenance-dafrique-australe-227098\/\">Cliquez ici pour lire l&rsquo;article depuis sa source.<\/a><\/p>\n","protected":false},"excerpt":{"rendered":"<p>Parall\u00e8lement \u00e0 la 5e vague qui d\u00e9ferle sur l\u2019Europe, un nouveau variant du Covid-19 vient d\u2019\u00eatre d\u00e9tect\u00e9 en Afrique du Sud. Un cas de ce B.1.1.529, d\u00e9j\u00e0 pr\u00e9sent au Botswana et m\u00eame \u00e0 Hong Kong, a \u00e9t\u00e9 d\u00e9tect\u00e9 en Isra\u00ebl et en Belgique. Les pays membres de l\u2019Union europ\u00e9enne se Auteur: challenge Cliquez ici pour [&hellip;]<\/p>\n","protected":false},"author":1787,"featured_media":0,"comment_status":"closed","ping_status":"closed","sticky":false,"template":"","format":"standard","meta":{"fifu_image_url":"https:\/\/www.challenge.ma\/wp-content\/uploads\/2021\/11\/ursu.jpg","fifu_image_alt":"Ce nouveau variant qui inqui\u00e8te: L\u2019Union Europ\u00e9enne suspend tous les voyages en provenance d\u2019Afrique Australe","footnotes":""},"categories":[78,54],"tags":[],"class_list":["post-134087","post","type-post","status-publish","format-standard","hentry","category-economie","category-maroc"],"_links":{"self":[{"href":"https:\/\/linitiative.ca\/International\/wp-json\/wp\/v2\/posts\/134087","targetHints":{"allow":["GET"]}}],"collection":[{"href":"https:\/\/linitiative.ca\/International\/wp-json\/wp\/v2\/posts"}],"about":[{"href":"https:\/\/linitiative.ca\/International\/wp-json\/wp\/v2\/types\/post"}],"author":[{"embeddable":true,"href":"https:\/\/linitiative.ca\/International\/wp-json\/wp\/v2\/users\/1787"}],"replies":[{"embeddable":true,"href":"https:\/\/linitiative.ca\/International\/wp-json\/wp\/v2\/comments?post=134087"}],"version-history":[{"count":0,"href":"https:\/\/linitiative.ca\/International\/wp-json\/wp\/v2\/posts\/134087\/revisions"}],"wp:attachment":[{"href":"https:\/\/linitiative.ca\/International\/wp-json\/wp\/v2\/media?parent=134087"}],"wp:term":[{"taxonomy":"category","embeddable":true,"href":"https:\/\/linitiative.ca\/International\/wp-json\/wp\/v2\/categories?post=134087"},{"taxonomy":"post_tag","embeddable":true,"href":"https:\/\/linitiative.ca\/International\/wp-json\/wp\/v2\/tags?post=134087"}],"curies":[{"name":"wp","href":"https:\/\/api.w.org\/{rel}","templated":true}]}}