{"id":134089,"date":"2021-11-26T13:44:14","date_gmt":"2021-11-26T18:44:14","guid":{"rendered":"https:\/\/linitiative.ca\/International\/air-france-augmente-la-cadence-des-vols-vers-le-maroc-a-la-suite-de-la-decision-de-suspension-des-vols\/"},"modified":"2021-11-26T13:44:14","modified_gmt":"2021-11-26T18:44:14","slug":"air-france-augmente-la-cadence-des-vols-vers-le-maroc-a-la-suite-de-la-decision-de-suspension-des-vols","status":"publish","type":"post","link":"https:\/\/linitiative.ca\/International\/air-france-augmente-la-cadence-des-vols-vers-le-maroc-a-la-suite-de-la-decision-de-suspension-des-vols\/","title":{"rendered":"Air France augmente la cadence des vols vers le Maroc \u00e0 la suite de la d\u00e9cision de suspension des vols"},"content":{"rendered":"<div><img decoding=\"async\" width=\"1250\" height=\"625\" src=\"https:\/\/linitiative.ca\/International\/wp-content\/uploads\/sites\/23\/2021\/11\/rfran.jpg\" class=\"attachment-post-thumbnail size-post-thumbnail wp-post-image\" alt=\"\" loading=\"lazy\" srcset=\"https:\/\/linitiative.ca\/International\/wp-content\/uploads\/sites\/23\/2021\/11\/rfran.jpg 1250w, https:\/\/www.challenge.ma\/wp-content\/uploads\/2021\/11\/rfran-300x150.jpg 300w, https:\/\/www.challenge.ma\/wp-content\/uploads\/2021\/11\/rfran-1024x512.jpg 1024w, https:\/\/www.challenge.ma\/wp-content\/uploads\/2021\/11\/rfran-768x384.jpg 768w, https:\/\/www.challenge.ma\/wp-content\/uploads\/2021\/11\/rfran-360x180.jpg 360w, https:\/\/www.challenge.ma\/wp-content\/uploads\/2021\/11\/rfran-750x375.jpg 750w\" sizes=\"auto, (max-width: 1250px) 100vw, 1250px\" itemprop=\"image\">La compagnie Air France a annonc\u00e9 vendredi qu\u2019elle renfor\u00e7ait son programme de vols de et vers Casablanca, en pr\u00e9vision de la fermeture des fronti\u00e8res a\u00e9riennes du Maroc. Afin de faciliter le retour de ses clients, Air France renforcera son programme de vols de et vers Casablanca le 26 novembre 2021\u201d,<\/div>\n<p>Auteur: challenge<br \/>\n<a href=\"https:\/\/www.challenge.ma\/air-france-augmente-la-cadence-des-vols-vers-le-maroc-avant-la-fermeture-des-frontieres-aeriennes-227104\/\">Cliquez ici pour lire l&rsquo;article depuis sa source.<\/a><\/p>\n","protected":false},"excerpt":{"rendered":"<p>La compagnie Air France a annonc\u00e9 vendredi qu\u2019elle renfor\u00e7ait son programme de vols de et vers Casablanca, en pr\u00e9vision de la fermeture des fronti\u00e8res a\u00e9riennes du Maroc. Afin de faciliter le retour de ses clients, Air France renforcera son programme de vols de et vers Casablanca le 26 novembre 2021\u201d, Auteur: challenge Cliquez ici pour [&hellip;]<\/p>\n","protected":false},"author":1787,"featured_media":0,"comment_status":"closed","ping_status":"closed","sticky":false,"template":"","format":"standard","meta":{"fifu_image_url":"https:\/\/www.challenge.ma\/wp-content\/uploads\/2021\/11\/rfran.jpg","fifu_image_alt":"Air France augmente la cadence des vols vers le Maroc \u00e0 la suite de la d\u00e9cision de suspension des vols","footnotes":""},"categories":[78,54],"tags":[],"class_list":["post-134089","post","type-post","status-publish","format-standard","hentry","category-economie","category-maroc"],"_links":{"self":[{"href":"https:\/\/linitiative.ca\/International\/wp-json\/wp\/v2\/posts\/134089","targetHints":{"allow":["GET"]}}],"collection":[{"href":"https:\/\/linitiative.ca\/International\/wp-json\/wp\/v2\/posts"}],"about":[{"href":"https:\/\/linitiative.ca\/International\/wp-json\/wp\/v2\/types\/post"}],"author":[{"embeddable":true,"href":"https:\/\/linitiative.ca\/International\/wp-json\/wp\/v2\/users\/1787"}],"replies":[{"embeddable":true,"href":"https:\/\/linitiative.ca\/International\/wp-json\/wp\/v2\/comments?post=134089"}],"version-history":[{"count":0,"href":"https:\/\/linitiative.ca\/International\/wp-json\/wp\/v2\/posts\/134089\/revisions"}],"wp:attachment":[{"href":"https:\/\/linitiative.ca\/International\/wp-json\/wp\/v2\/media?parent=134089"}],"wp:term":[{"taxonomy":"category","embeddable":true,"href":"https:\/\/linitiative.ca\/International\/wp-json\/wp\/v2\/categories?post=134089"},{"taxonomy":"post_tag","embeddable":true,"href":"https:\/\/linitiative.ca\/International\/wp-json\/wp\/v2\/tags?post=134089"}],"curies":[{"name":"wp","href":"https:\/\/api.w.org\/{rel}","templated":true}]}}