{"id":134091,"date":"2021-11-26T14:42:55","date_gmt":"2021-11-26T19:42:55","guid":{"rendered":"https:\/\/linitiative.ca\/International\/air-france-preparation-du-retour-des-voyageurs-apres-la-decision-de-suspension-des-vols\/"},"modified":"2021-11-26T14:42:55","modified_gmt":"2021-11-26T19:42:55","slug":"air-france-preparation-du-retour-des-voyageurs-apres-la-decision-de-suspension-des-vols","status":"publish","type":"post","link":"https:\/\/linitiative.ca\/International\/air-france-preparation-du-retour-des-voyageurs-apres-la-decision-de-suspension-des-vols\/","title":{"rendered":"Air France. Pr\u00e9paration du retour des voyageurs apr\u00e8s la d\u00e9cision de suspension des vols"},"content":{"rendered":"<div><img decoding=\"async\" width=\"1250\" height=\"625\" src=\"https:\/\/linitiative.ca\/International\/wp-content\/uploads\/sites\/23\/2021\/11\/rfran-1.jpg\" class=\"attachment-post-thumbnail size-post-thumbnail wp-post-image\" alt=\"\" loading=\"lazy\" srcset=\"https:\/\/linitiative.ca\/International\/wp-content\/uploads\/sites\/23\/2021\/11\/rfran-1.jpg 1250w, https:\/\/www.challenge.ma\/wp-content\/uploads\/2021\/11\/rfran-300x150.jpg 300w, https:\/\/www.challenge.ma\/wp-content\/uploads\/2021\/11\/rfran-1024x512.jpg 1024w, https:\/\/www.challenge.ma\/wp-content\/uploads\/2021\/11\/rfran-768x384.jpg 768w, https:\/\/www.challenge.ma\/wp-content\/uploads\/2021\/11\/rfran-360x180.jpg 360w, https:\/\/www.challenge.ma\/wp-content\/uploads\/2021\/11\/rfran-750x375.jpg 750w\" sizes=\"auto, (max-width: 1250px) 100vw, 1250px\" itemprop=\"image\">Dans le cadre de la strat\u00e9gie nationale de gestion de la pand\u00e9mie du COVID 19, les autorit\u00e9s marocains ont d\u00e9cid\u00e9 la suspension des vols \u00e0 destination et en provenance de France \u00e0 partir du dimanche 28 novembre \u00e0 23H59. Voici les modalit\u00e9s pr\u00e9vues par Air France. La compagnie A\u00e9rienne va<\/div>\n<p>Auteur: Azeroual Siham<br \/>\n<a href=\"https:\/\/www.challenge.ma\/air-france-preparation-du-retour-des-voyageurs-apres-la-decision-de-suspension-des-vols-227110\/\">Cliquez ici pour lire l&rsquo;article depuis sa source.<\/a><\/p>\n","protected":false},"excerpt":{"rendered":"<p>Dans le cadre de la strat\u00e9gie nationale de gestion de la pand\u00e9mie du COVID 19, les autorit\u00e9s marocains ont d\u00e9cid\u00e9 la suspension des vols \u00e0 destination et en provenance de France \u00e0 partir du dimanche 28 novembre \u00e0 23H59. Voici les modalit\u00e9s pr\u00e9vues par Air France. La compagnie A\u00e9rienne va Auteur: Azeroual Siham Cliquez ici [&hellip;]<\/p>\n","protected":false},"author":1787,"featured_media":0,"comment_status":"closed","ping_status":"closed","sticky":false,"template":"","format":"standard","meta":{"fifu_image_url":"https:\/\/www.challenge.ma\/wp-content\/uploads\/2021\/11\/rfran.jpg","fifu_image_alt":"Air France. Pr\u00e9paration du retour des voyageurs apr\u00e8s la d\u00e9cision de suspension des vols","footnotes":""},"categories":[78,54],"tags":[],"class_list":["post-134091","post","type-post","status-publish","format-standard","hentry","category-economie","category-maroc"],"_links":{"self":[{"href":"https:\/\/linitiative.ca\/International\/wp-json\/wp\/v2\/posts\/134091","targetHints":{"allow":["GET"]}}],"collection":[{"href":"https:\/\/linitiative.ca\/International\/wp-json\/wp\/v2\/posts"}],"about":[{"href":"https:\/\/linitiative.ca\/International\/wp-json\/wp\/v2\/types\/post"}],"author":[{"embeddable":true,"href":"https:\/\/linitiative.ca\/International\/wp-json\/wp\/v2\/users\/1787"}],"replies":[{"embeddable":true,"href":"https:\/\/linitiative.ca\/International\/wp-json\/wp\/v2\/comments?post=134091"}],"version-history":[{"count":0,"href":"https:\/\/linitiative.ca\/International\/wp-json\/wp\/v2\/posts\/134091\/revisions"}],"wp:attachment":[{"href":"https:\/\/linitiative.ca\/International\/wp-json\/wp\/v2\/media?parent=134091"}],"wp:term":[{"taxonomy":"category","embeddable":true,"href":"https:\/\/linitiative.ca\/International\/wp-json\/wp\/v2\/categories?post=134091"},{"taxonomy":"post_tag","embeddable":true,"href":"https:\/\/linitiative.ca\/International\/wp-json\/wp\/v2\/tags?post=134091"}],"curies":[{"name":"wp","href":"https:\/\/api.w.org\/{rel}","templated":true}]}}