{"id":134098,"date":"2021-11-25T19:03:52","date_gmt":"2021-11-26T00:03:52","guid":{"rendered":"https:\/\/linitiative.ca\/International\/situation-securitaire-lappel-des-coutumiers-a-ne-pas-tomber-dans-le-piege-de-la-division\/"},"modified":"2021-11-25T19:03:52","modified_gmt":"2021-11-26T00:03:52","slug":"situation-securitaire-lappel-des-coutumiers-a-ne-pas-tomber-dans-le-piege-de-la-division","status":"publish","type":"post","link":"https:\/\/linitiative.ca\/International\/situation-securitaire-lappel-des-coutumiers-a-ne-pas-tomber-dans-le-piege-de-la-division\/","title":{"rendered":"Situation s\u00e9curitaire : L\u2019appel des coutumiers \u00e0 ne pas tomber dans le pi\u00e8ge de la division"},"content":{"rendered":"<div>\n<p><strong>Dans le cadre de la crise s\u00e9curitaire actuelle que connait le Burkina Faso, l\u2019Association des chefs coutumiers traditionnels des Bobo Madare a fait une d\u00e9claration, le jeudi 25 novembre 2021, \u00e0 Bobo-Dioulasso dans l\u2019enceinte du mus\u00e9e communal Sogossira Sanou dans le but de lancer un appel \u00e0 la bobolaise.<\/strong><\/p>\n<p>L\u2019Association des chefs coutumiers traditionnels de la zone Bobo Madare s\u2019est prononc\u00e9e, le jeudi 25 novembre 2021 \u00e0 Bobo-Dioulasso, sur la situation s\u00e9curitaire que vit le Burkina Faso ces derniers temps. Dans une d\u00e9claration lue par son porte-parole, Omer Sanou, les coutumiers ont invit\u00e9 les fils et filles de Bobo-Dioulasso \u00e0 regarder dans le m\u00eame sens. \u00ab Nous, sages et garants de nos coutumes demandons \u00e0 la jeunesse burkinab\u00e8 et celle de Bobo-Dioulasso en particulier, de sursoir \u00e0 la violence et aux actes de vandalisme pour la relance \u00e9conomique de notre pays\u00a0\u00bb, a-t-il soutenu.<\/p>\n<p>Omer Sanou a \u00e9galement appel\u00e9 les populations \u00e0 ne pas tomber dans le pi\u00e8ge de la division, avant de les exhorter \u00e0 cultiver une soci\u00e9t\u00e9 de paix et de tol\u00e9rance, en restant solidaires derri\u00e8re les Forces de d\u00e9fense et de s\u00e9curit\u00e9 (FDS) et les Volontaires pour la d\u00e9fense de la patrie (VDP) pour vaincre l\u2019ennemi. Omer Sanou a tout de m\u00eame exprim\u00e9 son inqui\u00e9tude vis-\u00e0-vis de la situation s\u00e9curitaire actuelle.\u00a0\u00a0\u00ab Nous assistons depuis un certain moment \u00e0 la d\u00e9gradation de la situation s\u00e9curitaire au Burkina Faso engendrant une rupture sur le plan social, \u00e9conomique et politique. Nous pleurons tous des \u00eatres chers rest\u00e9s sur le champ les armes \u00e0 la main\u00a0\u00bb, a-t-il d\u00e9plor\u00e9. Le porte-parole a \u00e9galement lanc\u00e9 un cri du c\u0153ur par rapport aux veuves et orphelins qu\u2019ont fait les attaques terroristes.<\/p>\n<p style=\"text-align: right\"><strong>Samiratou TRAORE<\/strong> (Stagiaire)<\/p>\n<p>L\u2019article <a rel=\"nofollow\" href=\"https:\/\/www.sidwaya.info\/blog\/2021\/11\/26\/situation-securitaire-lappel-des-coutumiers-a-ne-pas-tomber-dans-le-piege-de-la-division\/\">Situation s\u00e9curitaire : L\u2019appel des coutumiers \u00e0 ne pas tomber dans le pi\u00e8ge de la division<\/a> est apparu en premier sur <a rel=\"nofollow\" href=\"https:\/\/www.sidwaya.info\/\">Quotidien Sidwaya<\/a>.<\/p>\n<\/div>\n<p>Auteur: JK. Sidwaya<br \/>\n<a href=\"https:\/\/www.sidwaya.info\/blog\/2021\/11\/26\/situation-securitaire-lappel-des-coutumiers-a-ne-pas-tomber-dans-le-piege-de-la-division\/\">Cliquez ici pour lire l&rsquo;article depuis sa source.<\/a><\/p>\n","protected":false},"excerpt":{"rendered":"<p>Dans le cadre de la crise s\u00e9curitaire actuelle que connait le Burkina Faso, l\u2019Association des chefs coutumiers traditionnels des Bobo Madare a fait une d\u00e9claration, le jeudi 25 novembre 2021, \u00e0 Bobo-Dioulasso dans l\u2019enceinte du mus\u00e9e communal Sogossira Sanou dans le but de lancer un appel \u00e0 la bobolaise. L\u2019Association des chefs coutumiers traditionnels de [&hellip;]<\/p>\n","protected":false},"author":1816,"featured_media":0,"comment_status":"closed","ping_status":"closed","sticky":false,"template":"","format":"standard","meta":{"fifu_image_url":"","fifu_image_alt":"","footnotes":""},"categories":[73,81],"tags":[],"class_list":["post-134098","post","type-post","status-publish","format-standard","hentry","category-actualite","category-burkina-faso"],"_links":{"self":[{"href":"https:\/\/linitiative.ca\/International\/wp-json\/wp\/v2\/posts\/134098","targetHints":{"allow":["GET"]}}],"collection":[{"href":"https:\/\/linitiative.ca\/International\/wp-json\/wp\/v2\/posts"}],"about":[{"href":"https:\/\/linitiative.ca\/International\/wp-json\/wp\/v2\/types\/post"}],"author":[{"embeddable":true,"href":"https:\/\/linitiative.ca\/International\/wp-json\/wp\/v2\/users\/1816"}],"replies":[{"embeddable":true,"href":"https:\/\/linitiative.ca\/International\/wp-json\/wp\/v2\/comments?post=134098"}],"version-history":[{"count":0,"href":"https:\/\/linitiative.ca\/International\/wp-json\/wp\/v2\/posts\/134098\/revisions"}],"wp:attachment":[{"href":"https:\/\/linitiative.ca\/International\/wp-json\/wp\/v2\/media?parent=134098"}],"wp:term":[{"taxonomy":"category","embeddable":true,"href":"https:\/\/linitiative.ca\/International\/wp-json\/wp\/v2\/categories?post=134098"},{"taxonomy":"post_tag","embeddable":true,"href":"https:\/\/linitiative.ca\/International\/wp-json\/wp\/v2\/tags?post=134098"}],"curies":[{"name":"wp","href":"https:\/\/api.w.org\/{rel}","templated":true}]}}