{"id":134108,"date":"2021-11-26T14:18:01","date_gmt":"2021-11-26T19:18:01","guid":{"rendered":"https:\/\/linitiative.ca\/International\/afrique-les-zones-economiques-speciales-a-lheure-de-la-zlecaf\/"},"modified":"2021-11-26T14:18:01","modified_gmt":"2021-11-26T19:18:01","slug":"afrique-les-zones-economiques-speciales-a-lheure-de-la-zlecaf","status":"publish","type":"post","link":"https:\/\/linitiative.ca\/International\/afrique-les-zones-economiques-speciales-a-lheure-de-la-zlecaf\/","title":{"rendered":"Afrique : les Zones \u00e9conomiques sp\u00e9ciales \u00e0 l\u2019heure de la Zlecaf"},"content":{"rendered":"<div>\n<p><img loading=\"lazy\" decoding=\"async\" width=\"748\" height=\"472\" src=\"https:\/\/linitiative.ca\/International\/wp-content\/uploads\/sites\/23\/2021\/11\/16379542815541.jpg\" class=\"attachment-post-thumbnail size-post-thumbnail wp-post-image\" alt=\"\" srcset=\"https:\/\/linitiative.ca\/International\/wp-content\/uploads\/sites\/23\/2021\/11\/16379542815541.jpg 748w, https:\/\/www.journalducameroun.com\/wp-content\/uploads\/2021\/11\/16379542815541-300x189.jpg 300w, https:\/\/www.journalducameroun.com\/wp-content\/uploads\/2021\/11\/16379542815541-697x440.jpg 697w, https:\/\/www.journalducameroun.com\/wp-content\/uploads\/2021\/11\/16379542815541-600x379.jpg 600w\" sizes=\"auto, (max-width: 748px) 100vw, 748px\"><\/p>\n<p>L&rsquo;Organisation des Zones \u00e9conomiques africaines (Aezo, sigle anglais) a tenu, jeudi \u00e0 Accra, au Ghana, la 6e \u00e9dition de sa r\u00e9union annuelle o\u00f9 le d\u00e9bat a surtout port\u00e9 sur la comp\u00e9titivit\u00e9 apr\u00e8s l&rsquo;entr\u00e9e en vigueur de la Zone de libre-\u00e9change continentale africaine (Zlecaf).\u00c0 travers le th\u00e8me \u00ab Connecter les zones \u00e9conomiques sp\u00e9ciales africaines aux cha\u00eenes de valeur mondiales \u00e0 l&rsquo;\u00e8re de la Zone de libre-\u00e9change continentale africaine (Zlecaf) \u00bb, l&rsquo;Organisation des Zones \u00e9conomiques africaines (Aezo, sigle anglais) a soulign\u00e9 la n\u00e9cessit\u00e9 de s&rsquo;adapter \u00e0 la nouvelle donne.<\/p>\n<p>Dans son discours, Ahmed Bennis, Secr\u00e9taire G\u00e9n\u00e9ral de l&rsquo;Aezo, a soutenu que \u00ab le d\u00e9fi pour les Zones \u00e9conomiques sp\u00e9ciales<br \/>\n\tafricaines ne consiste pas seulement \u00e0 attirer des investisseurs ou de rejoindre des cha\u00eenes de valeur, mais aussi d&rsquo;augmenter la valeur ajout\u00e9e cr\u00e9\u00e9e localement\u00a0\u00bb.<\/p>\n<p>Lors de cette r\u00e9union, organis\u00e9e avec la participation de la Conf\u00e9rence des Nations Unies sur le commerce et le d\u00e9veloppement (Cnuced), de l&rsquo;Organisation des Nations Unies pour le d\u00e9veloppement industriel (Onudi) et de la Banque africaine de d\u00e9veloppement (Bad), des experts de haut niveau ont expliqu\u00e9 le \u00ab r\u00f4le strat\u00e9gique\u00a0\u00bb que doivent jouer les Zones \u00e9conomiques sp\u00e9ciales dans la nouvelle configuration du march\u00e9 africain.<\/p>\n<p>L&rsquo;Organisation des zones \u00e9conomiques africaines a \u00e9t\u00e9 fond\u00e9e en novembre 2015 par Tanger Med Group en collaboration avec plusieurs autres zones \u00e9conomiques africaines. Cette structure dans laquelle si\u00e8gent 42 pays africains vise \u00e0 \u00ab favoriser le partage des connaissances, fournir une assistance strat\u00e9gique et technique, se connecter au r\u00e9seau d&rsquo;affaires international et \u00e0 promouvoir des mod\u00e8les et des pratiques \u00e9conomiques durables en mettant l&rsquo;accent sur la croissance et la prosp\u00e9rit\u00e9\u00a0\u00bb.<\/p>\n<p>Cet article <a rel=\"nofollow\" href=\"https:\/\/www.journalducameroun.com\/afrique-les-zones-economiques-speciales-a-lheure-de-la-zlecaf\/\">Afrique : les Zones \u00e9conomiques sp\u00e9ciales \u00e0 l\u2019heure de la Zlecaf<\/a> est apparu en premier sur <a rel=\"nofollow\" href=\"https:\/\/www.journalducameroun.com\/\">Journal du Cameroun<\/a>.<\/p>\n<\/div>\n<p>Auteur: APA News<br \/>\n<a href=\"https:\/\/www.journalducameroun.com\/afrique-les-zones-economiques-speciales-a-lheure-de-la-zlecaf\/\">Cliquez ici pour lire l&rsquo;article depuis sa source.<\/a><\/p>\n","protected":false},"excerpt":{"rendered":"<p>L&rsquo;Organisation des Zones \u00e9conomiques africaines (Aezo, sigle anglais) a tenu, jeudi \u00e0 Accra, au Ghana, la 6e \u00e9dition de sa r\u00e9union annuelle o\u00f9 le d\u00e9bat a surtout port\u00e9 sur la comp\u00e9titivit\u00e9 apr\u00e8s l&rsquo;entr\u00e9e en vigueur de la Zone de libre-\u00e9change continentale africaine (Zlecaf).\u00c0 travers le th\u00e8me \u00ab Connecter les zones \u00e9conomiques sp\u00e9ciales africaines aux cha\u00eenes [&hellip;]<\/p>\n","protected":false},"author":1965,"featured_media":0,"comment_status":"closed","ping_status":"closed","sticky":false,"template":"","format":"standard","meta":{"fifu_image_url":"https:\/\/www.journalducameroun.com\/wp-content\/uploads\/2021\/11\/16379542815541.jpg","fifu_image_alt":"Afrique : les Zones \u00e9conomiques sp\u00e9ciales \u00e0 l\u2019heure de la Zlecaf","footnotes":""},"categories":[73,82],"tags":[],"class_list":["post-134108","post","type-post","status-publish","format-standard","hentry","category-actualite","category-cameroun"],"_links":{"self":[{"href":"https:\/\/linitiative.ca\/International\/wp-json\/wp\/v2\/posts\/134108","targetHints":{"allow":["GET"]}}],"collection":[{"href":"https:\/\/linitiative.ca\/International\/wp-json\/wp\/v2\/posts"}],"about":[{"href":"https:\/\/linitiative.ca\/International\/wp-json\/wp\/v2\/types\/post"}],"author":[{"embeddable":true,"href":"https:\/\/linitiative.ca\/International\/wp-json\/wp\/v2\/users\/1965"}],"replies":[{"embeddable":true,"href":"https:\/\/linitiative.ca\/International\/wp-json\/wp\/v2\/comments?post=134108"}],"version-history":[{"count":0,"href":"https:\/\/linitiative.ca\/International\/wp-json\/wp\/v2\/posts\/134108\/revisions"}],"wp:attachment":[{"href":"https:\/\/linitiative.ca\/International\/wp-json\/wp\/v2\/media?parent=134108"}],"wp:term":[{"taxonomy":"category","embeddable":true,"href":"https:\/\/linitiative.ca\/International\/wp-json\/wp\/v2\/categories?post=134108"},{"taxonomy":"post_tag","embeddable":true,"href":"https:\/\/linitiative.ca\/International\/wp-json\/wp\/v2\/tags?post=134108"}],"curies":[{"name":"wp","href":"https:\/\/api.w.org\/{rel}","templated":true}]}}